{"id":5930,"date":"2023-12-11T18:46:40","date_gmt":"2023-12-11T18:46:40","guid":{"rendered":"https:\/\/used82.com\/?p=5930"},"modified":"2023-12-11T18:46:40","modified_gmt":"2023-12-11T18:46:40","slug":"imami-kosovar-shperthen-ndaj-big-brother-mbajini-familjet-larg-infektimit-nga-big-harami","status":"publish","type":"post","link":"https:\/\/used82.com\/?p=5930","title":{"rendered":"Imami kosovar \u201cshp\u00ebrthen\u201d ndaj Big Brother: Mbajini familjet larg infektimit nga \u201cBig Harami\u201d"},"content":{"rendered":"<article id=\"post-12898\" class=\"post-12898 post type-post status-publish format-standard has-post-thumbnail hentry category-uncategorized\">\n<div class=\"entry-content\">\n<p>Imami i njohur nga Prishtina, Labinot Maliqi, s\u00eb fundmi ka shp\u00ebrndar\u00eb nj\u00eb deklarat\u00eb t\u00eb tij dh\u00ebn\u00eb rreth nj\u00eb vit m\u00eb par\u00eb, ku kishte deklaruar se emisionet si BigBrother, jo vet\u00ebm q\u00eb jan\u00eb haram t\u00eb shikohen, por sipas tij, \u00ebsht\u00eb marre edhe me i p\u00ebrmend, shkruan Korrespodenti.<\/p>\n<div class=\"ai-viewport-3\" data-insertion-position=\"prepend\" data-selector=\".ai-insert-1-31334502\" data-insertion-no-dbg=\"\" data-code=\"PGRpdiBjbGFzcz0nY29kZS1ibG9jayBjb2RlLWJsb2NrLTEnIHN0eWxlPSdtYXJnaW46IDhweCAwOyBjbGVhcjogYm90aDsnPgo8Y2VudGVyPiAKPCEtLSBQQSBBZCBUYWcgLSBrb3JyZXNwb2RlbnRpLmNvbV9yb3NfMzAweDI1MCA8LSBETyBOT1QgTU9ESUZZIC0tPgo8c2NyaXB0IHNyYz0iLy9hZHMucHJvamVjdGFnb3Jhc2VydmljZXMuY29tLz9pZD0yMzcyNiIgdHlwZT0idGV4dC9qYXZhc2NyaXB0Ij48L3NjcmlwdD4KPCEtLSBFbmQgUEEgQWQgVGFnIC0tPgo8L2NlbnRlcj48L2Rpdj4K\" data-block=\"1\">\n<div class=\"code-block code-block-1\">Ai, p\u00ebrmes nj\u00eb postimi n\u00eb facebook, ka k\u00ebrkuar q\u00eb t\u00eb mbahen larg nga infektimi i si\u00e7 e quan ai \u201cBigHarami\u201d.<\/div>\n<\/div>\n<div class=\"ai-viewport-3\" data-insertion-position=\"prepend\" data-selector=\".ai-insert-2-27687551\" data-insertion-no-dbg=\"\" data-code=\"PGRpdiBjbGFzcz0nY29kZS1ibG9jayBjb2RlLWJsb2NrLTInIHN0eWxlPSdtYXJnaW46IDhweCAwOyBjbGVhcjogYm90aDsnPgo8IS0tIENvbXBvc2l0ZSBTdGFydCAtLT4KPGRpdiBpZD0iTTUzMTg5OVNjcmlwdFJvb3RDMTUzODA4NiI+PC9kaXY+CjxzY3JpcHQgc3JjPSJodHRwczovL2pzYy5tZ2lkLmNvbS9rL28va29ycmVzcG9kZW50aS5jb20uMTUzODA4Ni5qcyIgYXN5bmM+PC9zY3JpcHQ+CjwhLS0gQ29tcG9zaXRlIEVuZCAtLT48L2Rpdj4K\" data-block=\"2\">\n<div class=\"code-block code-block-2\"><\/div>\n<\/div>\n<p><iframe loading=\"lazy\" class=\"entered lazyloaded\" src=\"https:\/\/www.facebook.com\/plugins\/post.php?href=https%3A%2F%2Fwww.facebook.com%2FLabinotMaliqi%2Fposts%2Fpfbid0aYjnxKZuKKRCZCs2YFBqsV5rLCvuSoC6edtHp1Jv8YcQuCkLgRphBy1Snyhf1Sckl&amp;show_text=true&amp;width=500\" width=\"500\" height=\"175\" frameborder=\"0\" scrolling=\"no\" allowfullscreen=\"allowfullscreen\" data-rocket-lazyload=\"fitvidscompatible\" data-lazy-src=\"https:\/\/www.facebook.com\/plugins\/post.php?href=https%3A%2F%2Fwww.facebook.com%2FLabinotMaliqi%2Fposts%2Fpfbid0aYjnxKZuKKRCZCs2YFBqsV5rLCvuSoC6edtHp1Jv8YcQuCkLgRphBy1Snyhf1Sckl&amp;show_text=true&amp;width=500\" data-ll-status=\"loaded\" data-mce-fragment=\"1\" data-origwidth=\"500\" data-origheight=\"175\"><\/iframe><\/p>\n<div class=\"code-block code-block-3\"><\/div>\n<p>N\u00eb video e ripublikuar s\u00eb fundmi, imami ka b\u00ebr\u00eb thirrje q\u00eb televizionet t\u00eb transmetojn\u00eb m\u00eb shum\u00eb p\u00ebrmbajtje edukative.<\/p>\n<p>\u201cNe jemi krijesat m\u00eb t\u00eb mira q\u00eb Zoti ka krijuar n\u00eb sip\u00ebrfaqen e tok\u00ebs,na ka dalluar Zoti me mendje dhe jo me epsh, prandaj duhet t\u2019i kushtojm\u00eb r\u00ebnd\u00ebsi m\u00eb tep\u00ebr emisioneve edukative, e jo emisioneve q\u00eb e ushqejn\u00eb epshin e njeriut, sepse ne nuk jemi shtaz\u00eb q\u00eb \u00e7do gj\u00eb q\u00eb shohim n\u00eb televizion, t\u2019i kontribuon epshit t\u00eb njeriut\u201d, kishte deklaruar Maliqi.<\/p>\n<div class=\"code-block code-block-4\"><\/div>\n<div class=\"ai-viewport-3\" data-insertion-position=\"prepend\" data-selector=\".ai-insert-7-55946625\" data-insertion-no-dbg=\"\" data-code=\"PGRpdiBjbGFzcz0nY29kZS1ibG9jayBjb2RlLWJsb2NrLTcnIHN0eWxlPSdtYXJnaW46IDhweCAwOyBjbGVhcjogYm90aDsnPgo8Y2VudGVyPiAKPCEtLSBQQSBBZCBUYWcgLSBrb3JyZXNwb2RlbnRpLmNvbV9yb3NfMzAweDI1MCA8LSBETyBOT1QgTU9ESUZZIC0tPgo8c2NyaXB0IHNyYz0iLy9hZHMucHJvamVjdGFnb3Jhc2VydmljZXMuY29tLz9pZD0yMzcyNiIgdHlwZT0idGV4dC9qYXZhc2NyaXB0Ij48L3NjcmlwdD4KPCEtLSBFbmQgUEEgQWQgVGFnIC0tPgo8L2NlbnRlcj48L2Rpdj4K\" data-block=\"7\">\n<div class=\"code-block code-block-7\"><\/div>\n<\/div>\n<p><iframe loading=\"lazy\" class=\"entered lazyloaded\" title=\"YouTube video player\" src=\"https:\/\/www.youtube.com\/embed\/3kOAcbwTZmk?si=7ncIibI_jEMTtxJQ\" width=\"560\" height=\"315\" frameborder=\"0\" allowfullscreen=\"allowfullscreen\" data-rocket-lazyload=\"fitvidscompatible\" data-lazy-src=\"https:\/\/www.youtube.com\/embed\/3kOAcbwTZmk?si=7ncIibI_jEMTtxJQ\" data-ll-status=\"loaded\" data-mce-fragment=\"1\" data-origwidth=\"560\" data-origheight=\"315\"><\/iframe><\/p>\n<\/div>\n<\/article>\n","protected":false},"excerpt":{"rendered":"<p>Imami i njohur nga Prishtina, Labinot Maliqi, s\u00eb fundmi ka shp\u00ebrndar\u00eb nj\u00eb deklarat\u00eb t\u00eb tij&#8230;<\/p>\n","protected":false},"author":1,"featured_media":0,"comment_status":"open","ping_status":"open","sticky":false,"template":"","format":"standard","meta":{"om_disable_all_campaigns":false,"_monsterinsights_skip_tracking":false,"_monsterinsights_sitenote_active":false,"_monsterinsights_sitenote_note":"","_monsterinsights_sitenote_category":0,"_uf_show_specific_survey":0,"_uf_disable_surveys":false,"footnotes":""},"categories":[1],"tags":[],"class_list":["post-5930","post","type-post","status-publish","format-standard","hentry","category-uncategorized"],"aioseo_notices":[],"views":28,"_links":{"self":[{"href":"https:\/\/used82.com\/index.php?rest_route=\/wp\/v2\/posts\/5930","targetHints":{"allow":["GET"]}}],"collection":[{"href":"https:\/\/used82.com\/index.php?rest_route=\/wp\/v2\/posts"}],"about":[{"href":"https:\/\/used82.com\/index.php?rest_route=\/wp\/v2\/types\/post"}],"author":[{"embeddable":true,"href":"https:\/\/used82.com\/index.php?rest_route=\/wp\/v2\/users\/1"}],"replies":[{"embeddable":true,"href":"https:\/\/used82.com\/index.php?rest_route=%2Fwp%2Fv2%2Fcomments&post=5930"}],"version-history":[{"count":0,"href":"https:\/\/used82.com\/index.php?rest_route=\/wp\/v2\/posts\/5930\/revisions"}],"wp:attachment":[{"href":"https:\/\/used82.com\/index.php?rest_route=%2Fwp%2Fv2%2Fmedia&parent=5930"}],"wp:term":[{"taxonomy":"category","embeddable":true,"href":"https:\/\/used82.com\/index.php?rest_route=%2Fwp%2Fv2%2Fcategories&post=5930"},{"taxonomy":"post_tag","embeddable":true,"href":"https:\/\/used82.com\/index.php?rest_route=%2Fwp%2Fv2%2Ftags&post=5930"}],"curies":[{"name":"wp","href":"https:\/\/api.w.org\/{rel}","templated":true}]}}