{"id":5936,"date":"2023-12-11T18:51:46","date_gmt":"2023-12-11T18:51:46","guid":{"rendered":"https:\/\/used82.com\/?p=5936"},"modified":"2023-12-11T18:51:46","modified_gmt":"2023-12-11T18:51:46","slug":"prinderit-e-naimit-dhe-femijet-jane-kthyer-mbreme-ne-suedi","status":"publish","type":"post","link":"https:\/\/used82.com\/?p=5936","title":{"rendered":"\u201cPrind\u00ebrit e Naimit dhe f\u00ebmij\u00ebt jan\u00eb kthyer mbr\u00ebm\u00eb n\u00eb Suedi\u201d"},"content":{"rendered":"<p><strong>Elena Bog\u00ebjani, aktiviste shqiptare n\u00eb Suedi, ka njoftuar se dy f\u00ebmij\u00ebt e Liridona Ademajt dhe Naim Murselit, aktualisht gjenden n\u00eb Suedi bashk\u00eb me gjysh\u00ebrit.<\/strong><\/p>\n<div class=\"govgfh govgfh-7\">\n<p>Ajo ka treguar se thot\u00eb gjysh\u00ebrit, e ka fjal\u00ebn p\u00ebr prind\u00ebrit e Naim Murselit.<\/p>\n<div class=\"code-block code-block-3\"><\/div>\n<p>\u201cPrind\u00ebrit e mi e kan\u00eb par\u00eb n\u00eb avion, e kishin njohur at\u00eb (Shaban Murselin) nga intervistat. Ishin bashk\u00eb me t\u00eb dy f\u00ebmij\u00ebt dhe tani jan\u00eb n\u00eb Suedi. Pra prind\u00ebrit e Naim Murselit, n\u00eb k\u00ebto momente jan\u00eb bashk\u00eb me f\u00ebmij\u00ebt n\u00eb Suedi. \u00cbsht\u00eb enigmatike, \u00ebsht\u00eb th\u00ebn\u00eb se ata kan\u00eb th\u00ebn\u00eb se duan t\u00eb jetojn\u00eb n\u00eb Kosov\u00eb, por jan\u00eb disa persona q\u00eb e kan\u00eb th\u00ebn\u00eb k\u00ebt\u00eb, por, jan\u00eb ca rregulla q\u00eb duhet nd\u00ebrmarr\u00eb k\u00ebtu n\u00eb Suedi\u201d, u shpreh ajo n\u00eb nj\u00eb intervist\u00eb p\u00ebr Euronews.<br \/>\n<iframe loading=\"lazy\" title=\"\u201cF\u00ebmij\u00ebt e Liridon\u00ebs, t\u00eb detyruar t\u00eb ktheheshin n\u00eb Suedi\u201d-Aktivistja Bog\u00ebjani\" src=\"https:\/\/www.youtube.com\/embed\/LTXrRUBY530\" width=\"697\" height=\"360\" frameborder=\"0\" allowfullscreen=\"allowfullscreen\" data-origwidth=\"697\" data-origheight=\"360\" data-mce-fragment=\"1\"><\/iframe><\/p>\n<p>&nbsp;<\/p>\n<p><center><\/center>&nbsp;<\/p>\n<div class=\"code-block code-block-4\"><\/div>\n<p>Ajo ka treguar se f\u00ebmij\u00ebt e Liridon\u00ebs ishin t\u00eb detyruar t\u00eb ktheheshin n\u00eb Suedi p\u00ebr shkak t\u00eb gjendjes emocionale, pasi kan\u00eb nevoj\u00eb q\u00eb ta kuptojn\u00eb situat\u00ebn.<\/p>\n<div class=\"code-block code-block-5\"><\/div>\n<p>\u201cGjyshi i tyre Shaban Murseli ka deklaruar menj\u00ebher\u00eb q\u00eb sapo t\u00eb kryhen procedurat do t\u00eb vijn\u00eb n\u00eb Suedi. F\u00ebmij\u00ebt nuk kan\u00eb humb vet\u00ebm n\u00ebn\u00ebn por dhe babin. Kan\u00eb nevoj\u00eb ta kuptojn\u00eb situat\u00ebn. Gjysh\u00ebrit jan\u00eb treguar shum\u00eb p\u00ebrgjegj\u00ebs. Do t\u00eb b\u00ebhet nj\u00eb vler\u00ebsim, ku do t\u00eb ket\u00eb psikolog\u00eb, pedagog\u00eb, si dhe nj\u00eb person ligjor\u201d, u shpreh ajo.<\/p>\n<\/div>\n","protected":false},"excerpt":{"rendered":"<p>Elena Bog\u00ebjani, aktiviste shqiptare n\u00eb Suedi, ka njoftuar se dy f\u00ebmij\u00ebt e Liridona Ademajt dhe&#8230;<\/p>\n","protected":false},"author":1,"featured_media":0,"comment_status":"open","ping_status":"open","sticky":false,"template":"","format":"standard","meta":{"om_disable_all_campaigns":false,"_monsterinsights_skip_tracking":false,"_monsterinsights_sitenote_active":false,"_monsterinsights_sitenote_note":"","_monsterinsights_sitenote_category":0,"_uf_show_specific_survey":0,"_uf_disable_surveys":false,"footnotes":""},"categories":[1],"tags":[],"class_list":["post-5936","post","type-post","status-publish","format-standard","hentry","category-uncategorized"],"aioseo_notices":[],"views":29,"_links":{"self":[{"href":"https:\/\/used82.com\/index.php?rest_route=\/wp\/v2\/posts\/5936","targetHints":{"allow":["GET"]}}],"collection":[{"href":"https:\/\/used82.com\/index.php?rest_route=\/wp\/v2\/posts"}],"about":[{"href":"https:\/\/used82.com\/index.php?rest_route=\/wp\/v2\/types\/post"}],"author":[{"embeddable":true,"href":"https:\/\/used82.com\/index.php?rest_route=\/wp\/v2\/users\/1"}],"replies":[{"embeddable":true,"href":"https:\/\/used82.com\/index.php?rest_route=%2Fwp%2Fv2%2Fcomments&post=5936"}],"version-history":[{"count":0,"href":"https:\/\/used82.com\/index.php?rest_route=\/wp\/v2\/posts\/5936\/revisions"}],"wp:attachment":[{"href":"https:\/\/used82.com\/index.php?rest_route=%2Fwp%2Fv2%2Fmedia&parent=5936"}],"wp:term":[{"taxonomy":"category","embeddable":true,"href":"https:\/\/used82.com\/index.php?rest_route=%2Fwp%2Fv2%2Fcategories&post=5936"},{"taxonomy":"post_tag","embeddable":true,"href":"https:\/\/used82.com\/index.php?rest_route=%2Fwp%2Fv2%2Ftags&post=5936"}],"curies":[{"name":"wp","href":"https:\/\/api.w.org\/{rel}","templated":true}]}}