{"id":5943,"date":"2023-12-11T19:18:24","date_gmt":"2023-12-11T19:18:24","guid":{"rendered":"https:\/\/used82.com\/?p=5943"},"modified":"2023-12-11T19:18:24","modified_gmt":"2023-12-11T19:18:24","slug":"marreveshja-me-italine-per-emigrantet-miratohet-pa-debat-ne-kuvend","status":"publish","type":"post","link":"https:\/\/used82.com\/?p=5943","title":{"rendered":"Marr\u00ebveshja me Italin\u00eb p\u00ebr emigrant\u00ebt miratohet pa debat n\u00eb Kuvend"},"content":{"rendered":"<h2 class=\"jeg_post_subtitle\">Marr\u00ebveshja Rama- Meloni p\u00ebr ngritjen e nj\u00eb kampi t\u00eb ngjash\u00ebm me burgun n\u00eb territorin shqiptar, jo vet\u00ebm q\u00eb nuk shkaktoi debat, por u propozua t\u00eb q\u00eb hynte n\u00eb fuqi menj\u00ebher\u00eb, pa pritur afatin e dekretimit t\u00eb Presidentit t\u00eb Republik\u00ebs.<\/h2>\n<div class=\"jeg_post_meta jeg_post_meta_1\">\n<p>Komisionet Parlamentare kaluan n\u00eb shqyrtim dhe miratim brenda disa or\u00ebve t\u00eb h\u00ebn\u00ebn projektligjin p\u00ebr ratifikimin e protokollit mes qeveris\u00eb shqiptare dhe asaj italiane p\u00ebr emigracionin, q\u00eb parashikon ngritjen n\u00eb territorin e Shqip\u00ebris\u00eb t\u00eb qendrave p\u00ebr emigrant\u00ebt.<\/p>\n<p>N\u00ebp\u00ebrmjet mbledhjeve online, komisioni i Jasht\u00ebm, i Ligjeve dhe m\u00eb pas ai i Siguris\u00eb, si komision p\u00ebrgjegj\u00ebs e miratuan protokollin pa debat, n\u00eb munges\u00eb edhe t\u00eb deputet\u00ebve t\u00eb opozit\u00ebs, nd\u00ebrsa ministri i Brendsh\u00ebm Taulant Balla dhe z\u00ebvend\u00ebsministri i Mbrojtjes, Enkelejd Joti, b\u00ebn\u00eb prezantimin e k\u00ebsaj marr\u00ebveshjeje.<\/p>\n<p>Marr\u00ebveshja pritet t\u00eb kaloj\u00eb t\u00eb enjten n\u00eb seanc\u00eb plenare dhe t\u00eb hyj\u00eb n\u00eb fuqi menj\u00ebher\u00eb, pa kaluar procedurat prit\u00ebse p\u00ebr dekretin e Presidentit t\u00eb Republik\u00ebs. Propozimi erdhi nga kryetari i komisionit t\u00eb Siguris\u00eb, Nasip Na\u00e7o.<\/p>\n<div class=\"jeg_ad jeg_ad_article jnews_content_inline_2_ads  \"><\/div>\n<p>\u201cK\u00ebtu thuhet q\u00eb \u2018hyn n\u00eb fuqi 2 jav\u00eb pas botimit n\u00eb Fletoren Zyrtare\u2019, a do t\u2019i ishit dakord q\u00eb t\u2019i k\u00ebrkojm\u00eb Presidentit q\u00eb t\u00eb jap\u00eb miratimin dhe kjo marr\u00ebveshje t\u00eb hyj\u00eb n\u00eb fuqi menj\u00ebher\u00eb?\u201d- pyeti Na\u00e7o ministrin Balla, i cili mb\u00ebshteti iden\u00eb dhe m\u00eb pas komisioni votoi ndryshimin e nenit p\u00ebrkat\u00ebs.<\/p>\n<p>Marr\u00ebveshja u firmos n\u00eb fillim t\u00eb n\u00ebntorit n\u00eb Rom\u00eb nga kryeministri Edi Rama dhe kryeministrja italiane, Giorgia Meloni dhe u b\u00eb publike disa dit\u00eb m\u00eb von\u00eb.<\/p>\n<p>Rama u angazhua q\u00eb t\u00eb vendos\u00eb n\u00eb dispozicion t\u00eb qeveris\u00eb italiane territorin e vet p\u00ebr t\u00eb ngritur kampe t\u00eb ngjashme me burgjet si dhe t\u00eb pres\u00eb mij\u00ebra emigrant\u00eb nga vendet e treta p\u00ebr t\u00eb pakt\u00ebn nj\u00eb periudh\u00eb 5-vje\u00e7are.<\/p>\n<p>Sipas Ball\u00ebs, ky vendim i qeveris\u00eb shqiptare lidhet me p\u00ebrgjegj\u00ebsit\u00eb e vendit n\u00eb procesin e integrimit europian dhe si shenj\u00eb solidariteti me vendin fqinj italian. Nd\u00ebrkoh\u00eb Bashkimi Europian nuk u konsultua p\u00ebr k\u00ebt\u00eb marr\u00ebveshje, sipas ish-ambasadorit n\u00eb Tiran\u00eb, Luigi Soreca.<\/p>\n<p>M\u00eb tej, ministri rip\u00ebrs\u00ebriti faktin se pala italiane do t\u00eb marr\u00eb p\u00ebrsip\u00ebr gjith\u00eb kostot financiare, jo vet\u00ebm t\u00eb nd\u00ebrtimin dhe funksionimit t\u00eb kampeve, por edhe t\u00eb shpenzimeve t\u00eb siguris\u00eb n\u00eb perimetrin e jasht\u00ebm t\u00eb tyre.<\/p>\n<p>\u201cShqip\u00ebria i jep n\u00eb p\u00ebrdorim qeveris\u00eb italiane nj\u00eb sip\u00ebrfaqe pasurie shtet\u00ebrore p\u00ebr ngritjen e strukturave,\u201c tha Balla, duke shtuar se nuk b\u00ebhej fjal\u00eb p\u00ebr \u201casnj\u00eb form\u00eb t\u00eb cedimit t\u00eb territorit\u201d.<\/p>\n<p>Sipas Ball\u00ebs, numri i emigrant\u00ebve q\u00eb do t\u00eb q\u00ebndrojn\u00eb n\u00eb t\u00eb nj\u00ebjt\u00ebn koh\u00eb nuk mund t\u00eb kaloj\u00eb shifr\u00ebn 3 mij\u00eb dhe koha e q\u00ebndrimit t\u00eb tyre do t\u00eb jet\u00eb 28 dit\u00eb, sa \u00e7\u2019\u00ebsht\u00eb afati i shqyrtimit t\u00eb k\u00ebrkes\u00ebs p\u00ebr azil.<\/p>\n<p>Q\u00eb nga publikimi i saj kjo marr\u00ebveshje \u00ebsht\u00eb kritikuar nga organizatat e t\u00eb drejtave t\u00eb njeriut.<\/p>\n<p>Amnesty International e cil\u00ebsoi at\u00eb t\u00eb paligjshme dhe e pazbatueshme, nd\u00ebrsa nj\u00eb grup prej 29 organizatash t\u00eb tjera, t\u00eb fokusuara nd\u00ebr t\u00eb tjera te t\u00eb drejtat e njeriut, iu drejtuan qeveris\u00eb shqiptare n\u00eb nj\u00eb let\u00ebr t\u00eb hapur duke k\u00ebrkuar t\u00ebrheqjen nga kjo marr\u00ebveshje, pasi sjell shkelje t\u00eb k\u00ebtyre t\u00eb drejtave dhe \u2018burgosje t\u00eb padrejt\u00eb\u2019.<\/p>\n<\/div>\n","protected":false},"excerpt":{"rendered":"<p>Marr\u00ebveshja Rama- Meloni p\u00ebr ngritjen e nj\u00eb kampi t\u00eb ngjash\u00ebm me burgun n\u00eb territorin shqiptar,&#8230;<\/p>\n","protected":false},"author":1,"featured_media":0,"comment_status":"open","ping_status":"open","sticky":false,"template":"","format":"standard","meta":{"om_disable_all_campaigns":false,"_monsterinsights_skip_tracking":false,"_monsterinsights_sitenote_active":false,"_monsterinsights_sitenote_note":"","_monsterinsights_sitenote_category":0,"_uf_show_specific_survey":0,"_uf_disable_surveys":false,"footnotes":""},"categories":[1],"tags":[],"class_list":["post-5943","post","type-post","status-publish","format-standard","hentry","category-uncategorized"],"aioseo_notices":[],"views":26,"_links":{"self":[{"href":"https:\/\/used82.com\/index.php?rest_route=\/wp\/v2\/posts\/5943","targetHints":{"allow":["GET"]}}],"collection":[{"href":"https:\/\/used82.com\/index.php?rest_route=\/wp\/v2\/posts"}],"about":[{"href":"https:\/\/used82.com\/index.php?rest_route=\/wp\/v2\/types\/post"}],"author":[{"embeddable":true,"href":"https:\/\/used82.com\/index.php?rest_route=\/wp\/v2\/users\/1"}],"replies":[{"embeddable":true,"href":"https:\/\/used82.com\/index.php?rest_route=%2Fwp%2Fv2%2Fcomments&post=5943"}],"version-history":[{"count":0,"href":"https:\/\/used82.com\/index.php?rest_route=\/wp\/v2\/posts\/5943\/revisions"}],"wp:attachment":[{"href":"https:\/\/used82.com\/index.php?rest_route=%2Fwp%2Fv2%2Fmedia&parent=5943"}],"wp:term":[{"taxonomy":"category","embeddable":true,"href":"https:\/\/used82.com\/index.php?rest_route=%2Fwp%2Fv2%2Fcategories&post=5943"},{"taxonomy":"post_tag","embeddable":true,"href":"https:\/\/used82.com\/index.php?rest_route=%2Fwp%2Fv2%2Ftags&post=5943"}],"curies":[{"name":"wp","href":"https:\/\/api.w.org\/{rel}","templated":true}]}}