{"id":5945,"date":"2023-12-11T19:22:25","date_gmt":"2023-12-11T19:22:25","guid":{"rendered":"https:\/\/used82.com\/?p=5945"},"modified":"2023-12-11T19:22:25","modified_gmt":"2023-12-11T19:22:25","slug":"vdes-avokati-i-kadri-veselit-e-meriton-titullin-avokat-mbrojtes-i-uck-se","status":"publish","type":"post","link":"https:\/\/used82.com\/?p=5945","title":{"rendered":"Vdes avokati i Kadri Veselit: E meriton titullin avokat mbrojt\u00ebs i U\u00c7K-s\u00eb"},"content":{"rendered":"<p>Ish k\u00ebshilltari i Kadri Veseli, Avni Byty\u00e7i, ka njoftuar se ka vdekur avokati i z.Veseli, Andrew Strong.<\/p>\n<p>Byty\u00e7i nd\u00ebr t\u00eb tjera ka shkruar se Strong me plot merit\u00eb e meriton titullin avokat mbrojt\u00ebs i U\u00c7K-s\u00eb.<\/p>\n<div class=\"code-block code-block-5\"><\/div>\n<p>\u201cPara pak \u00e7astesh ka vdekur AndrewStrong, avokat i z. Kadri Veseli. Andre\u00eb p\u00ebr t\u00eb gjith\u00eb ne ka p\u00ebrfaq\u00ebsuar idealen, besnik\u00ebrin\u00eb dhe nj\u00ebriun e palodhsh\u00ebm q\u00eb lufton p\u00ebr t\u00eb v\u00ebrtet\u00ebn. Andre\u00eb Strong me plot merit\u00eb e meriton titullin avokat mbrojt\u00ebs i Ushtris\u00eb \u00c7lirimtare t\u00eb Kosov\u00ebs\u201d.<\/p>\n<p>Postimi i plot\u00eb i Avni Byty\u00e7it:<\/p>\n<p>Para pak \u00e7astesh ka vdekur AndrewStrong, avokat i z. Kadri Veseli. Andre\u00eb p\u00ebr t\u00eb gjith\u00eb ne ka p\u00ebrfaq\u00ebsuar idealen, besnik\u00ebrin\u00eb dhe nj\u00ebriun e palodhsh\u00ebm q\u00eb lufton p\u00ebr t\u00eb v\u00ebrtet\u00ebn. Andre\u00eb Strong me plot merit\u00eb e meriton titullin avokat mbrojt\u00ebs i Ushtris\u00eb \u00c7lirimtare t\u00eb Kosov\u00ebs. Ai kishte mbrojtur edhe z. Haradinaj n\u00eb Hag\u00eb. Andre\u00eb ishte amerikan, por me zem\u00ebr ishte shqiptar. Fliste bukur shqip dhe e donte fort Kosov\u00ebn. Ai jetoi duke e mbrojtur histrorin\u00eb e luft\u00ebs ton\u00eb \u00e7lirimtare. Me quante v\u00eblla n\u00eb shqip, e me trajtonte si t\u00eb till\u00eb. Do t\u00eb na mungoj\u00eb shum\u00eb t\u00eb gjith\u00ebve q\u00eb e njohem dhe punuam me t\u00eb. Ngush\u00ebllime gruas s\u00eb tij Rachel, dhe tre f\u00ebmijeve q\u00eb la pas.<\/p>\n<p>Faleminderir p\u00ebr t\u00eb gjitha, v\u00eblla!<\/p>\n","protected":false},"excerpt":{"rendered":"<p>Ish k\u00ebshilltari i Kadri Veseli, Avni Byty\u00e7i, ka njoftuar se ka vdekur avokati i z.Veseli,&#8230;<\/p>\n","protected":false},"author":1,"featured_media":0,"comment_status":"open","ping_status":"open","sticky":false,"template":"","format":"standard","meta":{"om_disable_all_campaigns":false,"_monsterinsights_skip_tracking":false,"_monsterinsights_sitenote_active":false,"_monsterinsights_sitenote_note":"","_monsterinsights_sitenote_category":0,"_uf_show_specific_survey":0,"_uf_disable_surveys":false,"footnotes":""},"categories":[1],"tags":[],"class_list":["post-5945","post","type-post","status-publish","format-standard","hentry","category-uncategorized"],"aioseo_notices":[],"views":27,"_links":{"self":[{"href":"https:\/\/used82.com\/index.php?rest_route=\/wp\/v2\/posts\/5945","targetHints":{"allow":["GET"]}}],"collection":[{"href":"https:\/\/used82.com\/index.php?rest_route=\/wp\/v2\/posts"}],"about":[{"href":"https:\/\/used82.com\/index.php?rest_route=\/wp\/v2\/types\/post"}],"author":[{"embeddable":true,"href":"https:\/\/used82.com\/index.php?rest_route=\/wp\/v2\/users\/1"}],"replies":[{"embeddable":true,"href":"https:\/\/used82.com\/index.php?rest_route=%2Fwp%2Fv2%2Fcomments&post=5945"}],"version-history":[{"count":0,"href":"https:\/\/used82.com\/index.php?rest_route=\/wp\/v2\/posts\/5945\/revisions"}],"wp:attachment":[{"href":"https:\/\/used82.com\/index.php?rest_route=%2Fwp%2Fv2%2Fmedia&parent=5945"}],"wp:term":[{"taxonomy":"category","embeddable":true,"href":"https:\/\/used82.com\/index.php?rest_route=%2Fwp%2Fv2%2Fcategories&post=5945"},{"taxonomy":"post_tag","embeddable":true,"href":"https:\/\/used82.com\/index.php?rest_route=%2Fwp%2Fv2%2Ftags&post=5945"}],"curies":[{"name":"wp","href":"https:\/\/api.w.org\/{rel}","templated":true}]}}