{"id":5947,"date":"2023-12-11T19:25:17","date_gmt":"2023-12-11T19:25:17","guid":{"rendered":"https:\/\/used82.com\/?p=5947"},"modified":"2023-12-11T19:25:17","modified_gmt":"2023-12-11T19:25:17","slug":"kater-vende-te-be-se-presion-aleateve-insistojne-per-krijimin-e-armepushimit-ne-gaza","status":"publish","type":"post","link":"https:\/\/used82.com\/?p=5947","title":{"rendered":"Kat\u00ebr vende t\u00eb BE-s\u00eb presion aleat\u00ebve, insistojn\u00eb p\u00ebr krijimin e arm\u00ebpushimit n\u00eb Gaza"},"content":{"rendered":"<p>Kryeministri i Irland\u00ebs Leo Varadkar njoftoi se ai dhe tre lider\u00eb t\u00eb tjer\u00eb t\u00eb BE-s\u00eb jan\u00eb t\u00eb vendosur t\u00eb b\u00ebjn\u00eb presion p\u00ebr nj\u00eb arm\u00ebpushim t\u00eb gjat\u00eb n\u00eb Gaza. Drejtuesi i vendit u shpreh se do t\u00eb shkoj\u00eb n\u00eb Bruksel t\u00eb m\u00ebrkur\u00ebn, p\u00ebr t\u00eb diskutuar situat\u00ebn n\u00eb vendin e prekur nga sulmet e Izraelit, me krer\u00ebt e qeverive n\u00eb t\u00eb gjith\u00eb bllokun.<\/p>\n<p>Atij do t\u2019i bashkohen Spanja, Malta dhe Belgjika n\u00eb thirrjen p\u00ebr nj\u00eb arm\u00ebpushim. \u201cNe kemi nj\u00eb pik\u00ebpamje shum\u00eb t\u00eb fort\u00eb k\u00ebtu n\u00eb Irland\u00eb, dhe sigurisht n\u00eb Spanj\u00eb, Malt\u00eb, Belgjik\u00eb, ne kemi nj\u00eb pik\u00ebpamje shum\u00eb t\u00eb fort\u00eb se ne kemi nevoj\u00eb p\u00ebr nj\u00eb arm\u00ebpushim t\u00eb gjat\u00eb, nj\u00eb arm\u00ebpushim t\u00eb zgjatur, sepse koh\u00ebzgjatja e vuajtjes tani n\u00eb Gaza p\u00ebr palestinez\u00ebt e zakonsh\u00ebm t\u00eb pafajsh\u00ebm njer\u00ebzit p\u00ebr mendimin tim jan\u00eb t\u00eb padurueshme\u201d, tha Varadkar.<\/p>\n<p>Varadkar p\u00ebrmendi v\u00ebshtir\u00ebsit\u00eb q\u00eb vendi po p\u00ebrballet, ku theksohet problemi i furnizimit me element\u00eb jetik\u00eb. \u201cNe po arrijm\u00eb n\u00eb pik\u00ebn, sipas OKB-s\u00eb, ku mund t\u00eb shohim urin\u00eb dhe mund t\u00eb shohim p\u00ebrhapjen e s\u00ebmundjeve p\u00ebr shkak t\u00eb munges\u00ebs s\u00eb ushqimit dhe ujit dhe kjo p\u00ebr mendimin tim \u00ebsht\u00eb nj\u00eb p\u00ebrgjigje joproporcionale dhe n\u00eb fund mund t\u00eb \u00e7oj\u00eb n\u00eb m\u00eb tej njer\u00ebzit radikalizohen dhe m\u00eb shum\u00eb probleme n\u00eb linj\u00eb\u201d, deklaroi ai.<\/p>\n","protected":false},"excerpt":{"rendered":"<p>Kryeministri i Irland\u00ebs Leo Varadkar njoftoi se ai dhe tre lider\u00eb t\u00eb tjer\u00eb t\u00eb BE-s\u00eb&#8230;<\/p>\n","protected":false},"author":1,"featured_media":0,"comment_status":"open","ping_status":"open","sticky":false,"template":"","format":"standard","meta":{"om_disable_all_campaigns":false,"_monsterinsights_skip_tracking":false,"_monsterinsights_sitenote_active":false,"_monsterinsights_sitenote_note":"","_monsterinsights_sitenote_category":0,"_uf_show_specific_survey":0,"_uf_disable_surveys":false,"footnotes":""},"categories":[1],"tags":[],"class_list":["post-5947","post","type-post","status-publish","format-standard","hentry","category-uncategorized"],"aioseo_notices":[],"views":26,"_links":{"self":[{"href":"https:\/\/used82.com\/index.php?rest_route=\/wp\/v2\/posts\/5947","targetHints":{"allow":["GET"]}}],"collection":[{"href":"https:\/\/used82.com\/index.php?rest_route=\/wp\/v2\/posts"}],"about":[{"href":"https:\/\/used82.com\/index.php?rest_route=\/wp\/v2\/types\/post"}],"author":[{"embeddable":true,"href":"https:\/\/used82.com\/index.php?rest_route=\/wp\/v2\/users\/1"}],"replies":[{"embeddable":true,"href":"https:\/\/used82.com\/index.php?rest_route=%2Fwp%2Fv2%2Fcomments&post=5947"}],"version-history":[{"count":0,"href":"https:\/\/used82.com\/index.php?rest_route=\/wp\/v2\/posts\/5947\/revisions"}],"wp:attachment":[{"href":"https:\/\/used82.com\/index.php?rest_route=%2Fwp%2Fv2%2Fmedia&parent=5947"}],"wp:term":[{"taxonomy":"category","embeddable":true,"href":"https:\/\/used82.com\/index.php?rest_route=%2Fwp%2Fv2%2Fcategories&post=5947"},{"taxonomy":"post_tag","embeddable":true,"href":"https:\/\/used82.com\/index.php?rest_route=%2Fwp%2Fv2%2Ftags&post=5947"}],"curies":[{"name":"wp","href":"https:\/\/api.w.org\/{rel}","templated":true}]}}