{"id":5951,"date":"2023-12-11T19:27:58","date_gmt":"2023-12-11T19:27:58","guid":{"rendered":"https:\/\/used82.com\/?p=5951"},"modified":"2023-12-11T19:27:58","modified_gmt":"2023-12-11T19:27:58","slug":"ambasadori-i-be-ne-tirane-takim-me-ramen-folem-per-hapat-e-metejshem-te-vendit-drejt-bashkimit-europian","status":"publish","type":"post","link":"https:\/\/used82.com\/?p=5951","title":{"rendered":"Ambasadori i BE n\u00eb Tiran\u00eb takim me Ram\u00ebn: Fol\u00ebm p\u00ebr hapat e m\u00ebtejsh\u00ebm t\u00eb vendit drejt Bashkimit Europian"},"content":{"rendered":"<div class=\"td-post-content tagdiv-type\">\n<p>Ambasadori i ri i Bashkimit Europian n\u00eb Tiran\u00eb, Silvio Gonzato ka zhvilluar sot takimin e par\u00eb me kryeministrin Edi Rama n\u00eb zyr\u00ebn e k\u00ebtij t\u00eb fundit.N\u00ebp\u00ebrmjet nj\u00eb postimi n\u00eb rrjetin social \u2018X\u2019, Gonzato b\u00ebn me dije se gjat\u00eb takimit me Ram\u00ebn kishte diskutuar p\u00ebr hapat e m\u00ebtejsh\u00ebm t\u00eb Shqip\u00ebris\u00eb drejt integrimit n\u00eb Bashkimin Europian dhe m\u00ebnyrat sesi ai mund t\u00eb ndihmoj\u00eb n\u00eb k\u00ebt\u00eb rrug\u00ebtim.<\/p>\n<p>\u201cTakimi im i par\u00eb me kryeministrin Edi Rama! Ne fol\u00ebm p\u00ebr hapat e ardhsh\u00ebm t\u00eb Shqip\u00ebris\u00eb n\u00eb procesin e saj t\u00eb integrimit n\u00eb BE dhe se si un\u00eb dhe ekipi im mund ta shoq\u00ebrojm\u00eb vendin n\u00eb k\u00ebt\u00eb rrug\u00ebtim sfidues, por premtues\u201d- shkruan Gonzato.<\/p>\n<div class=\"kodiim\" data-mce-contenteditable=\"false\">\n<div class=\"twitter-tweet twitter-tweet-rendered\"><iframe id=\"twitter-widget-0\" class=\"\" title=\"X Post\" src=\"https:\/\/platform.twitter.com\/embed\/Tweet.html?dnt=false&amp;embedId=twitter-widget-0&amp;features=eyJ0ZndfdGltZWxpbmVfbGlzdCI6eyJidWNrZXQiOltdLCJ2ZXJzaW9uIjpudWxsfSwidGZ3X2ZvbGxvd2VyX2NvdW50X3N1bnNldCI6eyJidWNrZXQiOnRydWUsInZlcnNpb24iOm51bGx9LCJ0ZndfdHdlZXRfZWRpdF9iYWNrZW5kIjp7ImJ1Y2tldCI6Im9uIiwidmVyc2lvbiI6bnVsbH0sInRmd19yZWZzcmNfc2Vzc2lvbiI6eyJidWNrZXQiOiJvbiIsInZlcnNpb24iOm51bGx9LCJ0ZndfZm9zbnJfc29mdF9pbnRlcnZlbnRpb25zX2VuYWJsZWQiOnsiYnVja2V0Ijoib24iLCJ2ZXJzaW9uIjpudWxsfSwidGZ3X21peGVkX21lZGlhXzE1ODk3Ijp7ImJ1Y2tldCI6InRyZWF0bWVudCIsInZlcnNpb24iOm51bGx9LCJ0ZndfZXhwZXJpbWVudHNfY29va2llX2V4cGlyYXRpb24iOnsiYnVja2V0IjoxMjA5NjAwLCJ2ZXJzaW9uIjpudWxsfSwidGZ3X3Nob3dfYmlyZHdhdGNoX3Bpdm90c19lbmFibGVkIjp7ImJ1Y2tldCI6Im9uIiwidmVyc2lvbiI6bnVsbH0sInRmd19kdXBsaWNhdGVfc2NyaWJlc190b19zZXR0aW5ncyI6eyJidWNrZXQiOiJvbiIsInZlcnNpb24iOm51bGx9LCJ0ZndfdXNlX3Byb2ZpbGVfaW1hZ2Vfc2hhcGVfZW5hYmxlZCI6eyJidWNrZXQiOiJvbiIsInZlcnNpb24iOm51bGx9LCJ0ZndfdmlkZW9faGxzX2R5bmFtaWNfbWFuaWZlc3RzXzE1MDgyIjp7ImJ1Y2tldCI6InRydWVfYml0cmF0ZSIsInZlcnNpb24iOm51bGx9LCJ0ZndfbGVnYWN5X3RpbWVsaW5lX3N1bnNldCI6eyJidWNrZXQiOnRydWUsInZlcnNpb24iOm51bGx9LCJ0ZndfdHdlZXRfZWRpdF9mcm9udGVuZCI6eyJidWNrZXQiOiJvbiIsInZlcnNpb24iOm51bGx9fQ%3D%3D&amp;frame=false&amp;hideCard=false&amp;hideThread=false&amp;id=1734232202471211344&amp;lang=en&amp;maxWidth=560px&amp;origin=https%3A%2F%2Fwww.gazetatema.net%2Fpolitika%2Fambasadori-i-ri-i-be-ne-tirane-takim-me-ramen-folem-per-hapat-e-metejsh-i418796&amp;sessionId=3fac8770d25d6653e7737e1f8f3f07062231e4e2&amp;siteScreenName=%40GazetaTema&amp;theme=light&amp;widgetsVersion=b2c2611296916%3A1702048662315&amp;width=550px\" frameborder=\"0\" scrolling=\"no\" allowfullscreen=\"allowfullscreen\" data-tweet-id=\"1734232202471211344\" data-mce-fragment=\"1\"><\/iframe><\/div>\n<\/div>\n<div class=\"td-a-rec td-a-rec-id-content_bottom  tdi_1 td_block_template_1\"><\/div>\n<\/div>\n<footer>\n<div class=\"td-post-source-tags\"><\/div>\n<div class=\"td-post-sharing-bottom\"><\/div>\n<\/footer>\n","protected":false},"excerpt":{"rendered":"<p>Ambasadori i ri i Bashkimit Europian n\u00eb Tiran\u00eb, Silvio Gonzato ka zhvilluar sot takimin e&#8230;<\/p>\n","protected":false},"author":1,"featured_media":0,"comment_status":"open","ping_status":"open","sticky":false,"template":"","format":"standard","meta":{"om_disable_all_campaigns":false,"_monsterinsights_skip_tracking":false,"_monsterinsights_sitenote_active":false,"_monsterinsights_sitenote_note":"","_monsterinsights_sitenote_category":0,"_uf_show_specific_survey":0,"_uf_disable_surveys":false,"footnotes":""},"categories":[1],"tags":[],"class_list":["post-5951","post","type-post","status-publish","format-standard","hentry","category-uncategorized"],"aioseo_notices":[],"views":38,"_links":{"self":[{"href":"https:\/\/used82.com\/index.php?rest_route=\/wp\/v2\/posts\/5951","targetHints":{"allow":["GET"]}}],"collection":[{"href":"https:\/\/used82.com\/index.php?rest_route=\/wp\/v2\/posts"}],"about":[{"href":"https:\/\/used82.com\/index.php?rest_route=\/wp\/v2\/types\/post"}],"author":[{"embeddable":true,"href":"https:\/\/used82.com\/index.php?rest_route=\/wp\/v2\/users\/1"}],"replies":[{"embeddable":true,"href":"https:\/\/used82.com\/index.php?rest_route=%2Fwp%2Fv2%2Fcomments&post=5951"}],"version-history":[{"count":0,"href":"https:\/\/used82.com\/index.php?rest_route=\/wp\/v2\/posts\/5951\/revisions"}],"wp:attachment":[{"href":"https:\/\/used82.com\/index.php?rest_route=%2Fwp%2Fv2%2Fmedia&parent=5951"}],"wp:term":[{"taxonomy":"category","embeddable":true,"href":"https:\/\/used82.com\/index.php?rest_route=%2Fwp%2Fv2%2Fcategories&post=5951"},{"taxonomy":"post_tag","embeddable":true,"href":"https:\/\/used82.com\/index.php?rest_route=%2Fwp%2Fv2%2Ftags&post=5951"}],"curies":[{"name":"wp","href":"https:\/\/api.w.org\/{rel}","templated":true}]}}