{"id":5954,"date":"2023-12-11T19:29:38","date_gmt":"2023-12-11T19:29:38","guid":{"rendered":"https:\/\/used82.com\/?p=5954"},"modified":"2023-12-11T19:29:38","modified_gmt":"2023-12-11T19:29:38","slug":"investimet-ne-teknologji-manastirliu-shtrijme-ne-650-shkolla-laboratoret-smart","status":"publish","type":"post","link":"https:\/\/used82.com\/?p=5954","title":{"rendered":"Investimet n\u00eb teknologji, Manastirliu: Shtrijm\u00eb n\u00eb 650 shkolla laborator\u00ebt Smart"},"content":{"rendered":"<p>Tiran\u00eb, 11 Dhjetor \u2013 Vijon shtrirja e laborator\u00ebve t\u00eb inteligjenc\u00ebs artificiale, n\u00eb faz\u00ebn e dyt\u00eb t\u00eb k\u00ebtij projekti n\u00eb shkolla, p\u00ebr t\u00eb rinjt\u00eb nga 13-19 vje\u00e7. Nga gjimnazi \u201cIsmail Qemali\u201d, ku pa nga af\u00ebr projektet e realizuara nga nx\u00ebn\u00ebsit n\u00eb Laboratorin e Inteligjenc\u00ebs Artificiale, Ministrja e Arsimit dhe Sportit Ogerta Manastirliu, tha se n\u00eb fokus t\u00eb pun\u00ebs s\u00eb Ministris\u00eb s\u00eb Arsimit dhe Sportit do t\u00eb jet\u00eb zgjerimi i\u00a0 njohurive t\u00eb nx\u00ebn\u00ebsve n\u00eb fush\u00ebn e teknologjis\u00eb, inovacionit dhe inteligjenc\u00ebs artificiale.<\/p>\n<p>\u201cProjekti i inteligjenc\u00eb artificiale ka si objektiv p\u00ebr t\u00eb p\u00ebrfshir\u00eb m\u00eb shum\u00eb se 2 mij\u00eb nx\u00ebn\u00ebs edhe 140 m\u00ebsues, p\u00ebr rritur kapacitetet dhe orientuar zgjidhjet inteligjente, n\u00ebp\u00ebrmjet k\u00ebtyre programeve\u201d,- tha Ministrja Manastirliu.<br \/>\nDuke folur p\u00ebr investimet p\u00ebr laborator\u00ebt e teknologjis\u00eb n\u00eb shkolla, Ministrja Manastirliu u shpreh: \u201cDo t\u00eb vijojm\u00eb me investimet me 216 laborator\u00eb Smart p\u00ebr vitin 2024, dhe duke vijuar nga 2025, do t\u00eb kemi shtrirjen e k\u00ebtyre laborator\u00ebve n\u00eb 650 shkolla t\u00eb tjera, gj\u00eb q\u00eb do t\u00eb b\u00ebj\u00eb t\u00eb mundur q\u00eb edukimi digjital t\u00eb b\u00ebhet pjes\u00eb e kurrikul\u00ebs dhe e m\u00ebsimit t\u00eb p\u00ebrditsh\u00ebm t\u00eb f\u00ebmij\u00ebve q\u00eb n\u00eb mosh\u00eb t\u00eb vog\u00ebl, por nga ana tjet\u00ebr edhe t\u00eb zhvilloj\u00eb mendimin kritik.\u201d<\/p>\n<p>Laboratori i Inteligjenc\u00ebs Artificiale n\u00eb gjimnazin \u201cIsmail Qemali\u201d \u00ebsht\u00eb pjes\u00eb e projektit \u2018AI for Youth\u2019, ku n\u00eb faq\u00ebn e par\u00eb jan\u00eb p\u00ebrfshir\u00eb n\u00ebnt\u00eb shkolla dhe aktualisht projekti po shtrihet edhe n\u00eb 15 shkolla t\u00eb tjera. Projekti i laborator\u00ebve t\u00eb inteligjenc\u00ebs artificiale p\u00ebr t\u00eb rinjt\u00eb, po implementohet n\u00eb kuad\u00ebr t\u00eb politikave t\u00eb qeveris\u00eb shqiptare, Ministris\u00eb s\u00eb Arsimit, n\u00eb bashk\u00ebpunim me Fondacionin Shqiptaro-Amerikan p\u00ebr Zhvillim (AADF) dhe Intel Corporation Inc.,\u00a0nga i cili p\u00ebrfitojn\u00eb nx\u00ebn\u00ebs t\u00eb grupmosh\u00ebs nga 13-19 vje\u00e7.<\/p>\n","protected":false},"excerpt":{"rendered":"<p>Tiran\u00eb, 11 Dhjetor \u2013 Vijon shtrirja e laborator\u00ebve t\u00eb inteligjenc\u00ebs artificiale, n\u00eb faz\u00ebn e dyt\u00eb&#8230;<\/p>\n","protected":false},"author":1,"featured_media":0,"comment_status":"open","ping_status":"open","sticky":false,"template":"","format":"standard","meta":{"om_disable_all_campaigns":false,"_monsterinsights_skip_tracking":false,"_monsterinsights_sitenote_active":false,"_monsterinsights_sitenote_note":"","_monsterinsights_sitenote_category":0,"_uf_show_specific_survey":0,"_uf_disable_surveys":false,"footnotes":""},"categories":[1],"tags":[],"class_list":["post-5954","post","type-post","status-publish","format-standard","hentry","category-uncategorized"],"aioseo_notices":[],"views":36,"_links":{"self":[{"href":"https:\/\/used82.com\/index.php?rest_route=\/wp\/v2\/posts\/5954","targetHints":{"allow":["GET"]}}],"collection":[{"href":"https:\/\/used82.com\/index.php?rest_route=\/wp\/v2\/posts"}],"about":[{"href":"https:\/\/used82.com\/index.php?rest_route=\/wp\/v2\/types\/post"}],"author":[{"embeddable":true,"href":"https:\/\/used82.com\/index.php?rest_route=\/wp\/v2\/users\/1"}],"replies":[{"embeddable":true,"href":"https:\/\/used82.com\/index.php?rest_route=%2Fwp%2Fv2%2Fcomments&post=5954"}],"version-history":[{"count":0,"href":"https:\/\/used82.com\/index.php?rest_route=\/wp\/v2\/posts\/5954\/revisions"}],"wp:attachment":[{"href":"https:\/\/used82.com\/index.php?rest_route=%2Fwp%2Fv2%2Fmedia&parent=5954"}],"wp:term":[{"taxonomy":"category","embeddable":true,"href":"https:\/\/used82.com\/index.php?rest_route=%2Fwp%2Fv2%2Fcategories&post=5954"},{"taxonomy":"post_tag","embeddable":true,"href":"https:\/\/used82.com\/index.php?rest_route=%2Fwp%2Fv2%2Ftags&post=5954"}],"curies":[{"name":"wp","href":"https:\/\/api.w.org\/{rel}","templated":true}]}}