{"id":5956,"date":"2023-12-11T19:30:03","date_gmt":"2023-12-11T19:30:03","guid":{"rendered":"https:\/\/used82.com\/?p=5956"},"modified":"2023-12-11T19:30:03","modified_gmt":"2023-12-11T19:30:03","slug":"ekskluzive-gjykata-berishes-nuk-ju-cenua-liria-malltezi-u-lirua-nga-burgu-sepse-nuk-ka-rrezik-qe-te-ike","status":"publish","type":"post","link":"https:\/\/used82.com\/?p=5956","title":{"rendered":"Ekskluzive\/ Gjykata: Berish\u00ebs nuk ju cenua liria! Malltezi u lirua nga burgu sepse nuk ka rrezik q\u00eb t\u00eb ik\u00eb"},"content":{"rendered":"<p>Pretendimi i ish-kryeministrit Sali Berisha, se SPAK duhet t\u00eb merrte autorizim nga Kuvendi, p\u00ebr mas\u00ebn e siguris\u00eb ndaj tij, \u00ebsht\u00eb \u00e7muar i pabazuar n\u00eb prova.<br \/>\nN\u00eb vendimin e zbardhur gjat\u00eb dit\u00ebs nga Gjykata e Apelit, gjykata kujton ndryshimet kushtetuese t\u00eb 2012-\u00ebs, p\u00ebr mburoj\u00ebn apo imunitetin e deputet\u00ebve dhe konceptin e paprekshm\u00ebris\u00eb, q\u00eb n\u00eb rastin e Berish\u00ebs nuk \u00ebsht\u00eb shkelur as nga SPAK dhe as nga shkalla e par\u00eb.<\/p>\n<p>Gjykata e Apelit shpjegon se masa e detyrimit me paraqitje, shpallur p\u00ebr Berish\u00ebn, \u00ebsht\u00eb nj\u00eb fuqi shtr\u00ebnguese q\u00eb nuk heq lirin\u00eb personale apo fizike t\u00eb ankuesit Sali Berisha, por vet\u00ebm lirin\u00eb e l\u00ebvizjes s\u00eb tij jasht\u00eb shtetit. Kjo mas\u00eb q\u00eb e detyron deputetin t\u00eb paraqitet para policis\u00eb gjyq\u00ebsore n\u00eb dit\u00eb dhe or\u00eb t\u00eb caktuara, sipas apelit nuk k\u00ebrkon autorizim t\u00eb Kuvendit t\u00eb Republik\u00ebs s\u00eb Shqip\u00ebris\u00eb, shprehet gjyqtarja Iliriana Olldashi.<\/p>\n<p>Gjykata shpjegon se imuniteti parlamentar nuk \u00ebsht\u00eb nj\u00eb privilegj personal i deputet\u00ebve, por garanton q\u00eb secili prej tyre t\u00eb mund t\u00eb ushtroj\u00eb lirisht mandatin e tij pa u ekspozuar ndaj persekutimit politik arbitrar, thuhet n\u00eb vendimin e zbardhur, duke sqaruar se liria personale e deputetit Berisha do t\u00eb ishte prekur n\u00eb rast se do t\u00eb zbatohej heqja e liris\u00eb me vendim gjykate; urdhri i ndalimit t\u00eb prokurorit, ndalimi me inisiativ\u00eb nga policia gjyq\u00ebsore, arrestimi n\u00eb flagranc\u00eb\u201d, di\u00e7ka q\u00eb nuk ka ndodhur. Ky shpjegim hedh posht\u00eb nj\u00eb nga kartat e Berish\u00ebs p\u00ebr dosjen Partizani q\u00eb ka insistuar p\u00ebrmes avokat\u00ebve edhe n\u00eb apelit se mos marrja e nj\u00eb autorizimi e b\u00ebn diskriminuese mas\u00ebn e shpallur p\u00ebr shkak t\u00eb bindjeve politike t\u00eb tij.<br \/>\nGjykata ka hedhur posht\u00eb edhe konsiderat\u00ebn e Berish\u00ebs dhe dh\u00ebndrit t\u00eb tij se Irena Gjoka ishte e nj\u00ebanshme dhe se ata nuk pat\u00ebn mund\u00ebsi t\u00eb mbrohen.<\/p>\n<p>Edhe nga dy Konventat Nd\u00ebrkomb\u00ebtare, Shtet Pal\u00eb i s\u00eb cilave \u00ebsht\u00eb Republika e Shqip\u00ebris\u00eb, deduktohet se korrupsioni \u00ebsht\u00eb ajo vep\u00ebr penale n\u00eb t\u00eb cil\u00ebn funksionari\/zyrtari publik e kthen n\u00eb \u201csend t\u00eb tregtuesh\u00ebm\u201d autoritetin e tij p\u00ebr t\u00eb kryer apo t\u00eb moskryer nj\u00eb veprim q\u00eb lidhet me funksionin e tij dhe ky abuzim me fuqin\u00eb zyrtare \u00ebsht\u00eb nj\u00eb nga veprimet m\u00eb t\u00eb r\u00ebnda t\u00eb keqp\u00ebrdorimit t\u00eb detyr\u00ebs, q\u00eb del jasht\u00eb kufijve t\u00eb s\u00eb drejt\u00ebs, p\u00ebr nj\u00eb p\u00ebrfitim t\u00eb pandersh\u00ebm, q\u00eb mund t\u00eb marr\u00eb personalisht vet\u00eb funksionari publik, apo nj\u00eb i tret\u00eb i lidhur me t\u00eb, shton Gjykata e Apelit.<\/p>\n<p>Sipas Iliriana Olldashit, duke \u201cv\u00ebn\u00eb n\u00eb shitje\u201d autoritetin q\u00eb ushtron dhe q\u00eb i \u00ebsht\u00eb besuar, zyrtari apo funksionari i lart\u00eb publik n\u00ebp\u00ebrk\u00ebmb, jo vet\u00ebm detyrat specifike t\u00eb funksionit t\u00eb tij, por tradhton n\u00eb m\u00ebnyr\u00eb t\u00eb past\u00ebr dhe shoq\u00ebrin\u00eb. Vepra penale tipikisht e parashikuar nga neni 260 i Kodit Penal, b\u00ebhet edhe m\u00eb e r\u00ebnd\u00eb kur dyshimi p\u00ebr kryerjen e saj, i ngarkohet kreut t\u00eb ekzekutivit, sikund\u00ebr ka qen\u00eb n\u00eb koh\u00ebn e ngjarjes i hetuari ankues Sali Berisha, argumenton gjyqtarja e apelit.<br \/>\nGjyqtarja Olldashi shpjegon se p\u00ebrse zbuti mas\u00ebn ndaj dh\u00ebndrit t\u00eb ish-kryeministrit, duke e d\u00ebrguar Malltezin nga arrest me burg n\u00eb sht\u00ebpi. Gjykata mes t\u00eb tjerave \u00e7mon se nuk ka rrezik ikjeje. Mbas zbardhjes s\u00eb vendimit, SPAK pritet t\u00eb dor\u00ebzoj\u00eb rekurs n\u00eb Gjykat\u00ebn e Lart\u00eb.<\/p>\n","protected":false},"excerpt":{"rendered":"<p>Pretendimi i ish-kryeministrit Sali Berisha, se SPAK duhet t\u00eb merrte autorizim nga Kuvendi, p\u00ebr mas\u00ebn&#8230;<\/p>\n","protected":false},"author":1,"featured_media":0,"comment_status":"open","ping_status":"open","sticky":false,"template":"","format":"standard","meta":{"om_disable_all_campaigns":false,"_monsterinsights_skip_tracking":false,"_monsterinsights_sitenote_active":false,"_monsterinsights_sitenote_note":"","_monsterinsights_sitenote_category":0,"_uf_show_specific_survey":0,"_uf_disable_surveys":false,"footnotes":""},"categories":[1],"tags":[],"class_list":["post-5956","post","type-post","status-publish","format-standard","hentry","category-uncategorized"],"aioseo_notices":[],"views":27,"_links":{"self":[{"href":"https:\/\/used82.com\/index.php?rest_route=\/wp\/v2\/posts\/5956","targetHints":{"allow":["GET"]}}],"collection":[{"href":"https:\/\/used82.com\/index.php?rest_route=\/wp\/v2\/posts"}],"about":[{"href":"https:\/\/used82.com\/index.php?rest_route=\/wp\/v2\/types\/post"}],"author":[{"embeddable":true,"href":"https:\/\/used82.com\/index.php?rest_route=\/wp\/v2\/users\/1"}],"replies":[{"embeddable":true,"href":"https:\/\/used82.com\/index.php?rest_route=%2Fwp%2Fv2%2Fcomments&post=5956"}],"version-history":[{"count":0,"href":"https:\/\/used82.com\/index.php?rest_route=\/wp\/v2\/posts\/5956\/revisions"}],"wp:attachment":[{"href":"https:\/\/used82.com\/index.php?rest_route=%2Fwp%2Fv2%2Fmedia&parent=5956"}],"wp:term":[{"taxonomy":"category","embeddable":true,"href":"https:\/\/used82.com\/index.php?rest_route=%2Fwp%2Fv2%2Fcategories&post=5956"},{"taxonomy":"post_tag","embeddable":true,"href":"https:\/\/used82.com\/index.php?rest_route=%2Fwp%2Fv2%2Ftags&post=5956"}],"curies":[{"name":"wp","href":"https:\/\/api.w.org\/{rel}","templated":true}]}}