{"id":5980,"date":"2023-12-12T06:12:09","date_gmt":"2023-12-12T06:12:09","guid":{"rendered":"https:\/\/used82.com\/?p=5980"},"modified":"2023-12-12T06:12:09","modified_gmt":"2023-12-12T06:12:09","slug":"vrasja-e-liridones-avokati-i-njohur-ngre-dyshimet-e-forta-ne-burgun-ku-po-mbahet-naimi-tre-autoret-e-krimit-mund-te-organizojne","status":"publish","type":"post","link":"https:\/\/used82.com\/?p=5980","title":{"rendered":"Vrasja e Liridon\u00ebs\/ Avokati i njohur ngre dyshimet e forta: N\u00eb burgun ku po mbahet Naimi, tre autor\u00ebt e krimit mund t\u00eb organizojn\u00eb\u2026"},"content":{"rendered":"<p>Avokati Tom\u00eb Gashi n\u00eb nj\u00eb intervist\u00eb televizive hodhi<\/p>\n<p>drit\u00eb mbi petendimet e qarkulluara n\u00eb media<\/p>\n<div class=\"code-block code-block-3\"><\/div>\n<p>se ka pasur tentativa p\u00ebr t\u00eb d\u00ebmtuar vras\u00ebsit e Liridon\u00ebs n\u00eb burg.<\/p>\n<p>Gashi, duke folur n\u00eb cil\u00ebsin\u00eb e avokatit, tha se praktikisht<\/p>\n<div class=\"code-block code-block-4\"><\/div>\n<div id=\"tiran-f7f3a3cf4b1bea0e8bc6c16f110b6a8c\" class=\"tiran-f7f3a3cf4b1bea0e8bc6c16f110b6a8c tiran-content\"><\/div>\n<p>kjo \u00ebsht\u00eb e pamundur n\u00eb burgun e siguris\u00eb s\u00eb lart\u00eb ku ata po mbahen.<\/p>\n<div class=\"code-block code-block-5\"><\/div>\n<div id=\"tiran-1cd52421d0e810f644fff1360ff88050\" class=\"tiran-1cd52421d0e810f644fff1360ff88050 tiran-content_4\"><\/div>\n<p>Avokati teksa evidentoi kushtet e mira t\u00eb burgut,<\/p>\n<p>kritikoi organet ligjzbatuese q\u00eb i ka lejuar tre t\u00eb dyshuarit t\u00eb jen\u00eb n\u00eb t\u00eb nj\u00ebjtat ambiente.<\/p>\n<div class=\"code-block code-block-7\"><\/div>\n<p>&nbsp;<\/p>\n<p>Sipas tij, Naim Murseli, Granit Plava, dhe Kushtrim Kokalla mund t\u00eb bisedojn\u00eb me nj\u00ebri tjet\u00ebrin gjat\u00eb daljeve p\u00ebr ajrim dhe mund t\u00eb sinkronizojn\u00eb deklarimet e ardhshme n\u00eb gjykat\u00eb.<\/p>\n<div class=\"code-block code-block-6\"><\/div>\n<p>Ai sugjeroi t\u2019u ndryshohet godina ose t\u00eb shp\u00ebrndahen n\u00eb burgje t\u00eb ndryshme.<\/p>\n<p>\u201cKushtet jan\u00eb maksimalisht t\u00eb mira, pasi kushte m\u00eb t\u00eb mira nuk ka. E thash\u00eb n\u00eb m\u00ebnyr\u00eb figurative q\u00eb kemi t\u00eb b\u00ebjm\u00eb me nj\u00eb \u201cburg me 5 yje\u201d, sepse secili ka dhom\u00ebn e tij, ka tualetin dhe jan\u00eb kushtet m\u00eb t\u00eb mira n\u00eb t\u00eb cilat jemi. Sa i p\u00ebrket siguris\u00eb p\u00ebrve\u00e7 q\u00eb kujdeset stafi i k\u00ebtij burgu, dhe nuk mund t\u2019i ndodh\u00eb aktualisht asgj\u00eb.<\/p>\n<div class=\"code-block code-block-8\"><\/div>\n<p>N\u00ebse ia lejon gjykata, Naim Murseli mund t\u00eb telefonoj\u00eb avokatin ose vet\u00ebm familjar\u00ebt e tij. P\u00ebr mua \u00ebsht\u00eb e \u00e7uditshme si avokat, si \u00ebsht\u00eb e mudnshme nj\u00eb rast kaq i r\u00ebnd\u00eb, q\u00eb ata jan\u00eb bashkarisht, po mbahen n\u00eb t\u00eb nj\u00ebjtata ambiente dhe nuk do \u00e7uditemi n\u00ebse n\u00eb seanc\u00ebn e radh\u00ebs n\u00eb gjykat\u00eb deklarimet e tyre do t\u00eb jen\u00eb t\u00eb sinkronizuar.<\/p>\n<p>Burgun e b\u00ebjn\u00eb t\u00eb r\u00ebnd\u00eb t\u00eb burgosurit dhe jo vet\u00ebm hap\u00ebsirat. Kemi patur deklarat\u00eb t\u00eb drejtorit q\u00eb do merren masa t\u00eb caktuara, qoft\u00eb me nd\u00ebrrimin e lokacionit, t\u00eb shp\u00ebrndahen n\u00eb tre burgje t\u00eb ndryshme, qoft\u00eb n\u00eb nd\u00ebrrimin e pavilionit. E th\u00ebn\u00eb me fjal\u00eb t\u00eb thjeshta, kur nd\u00ebrrohet pavilioni, nd\u00ebrrohet nd\u00ebrtesa por \u00ebsht\u00eb burgu i nj\u00ebjt\u00eb dhe k\u00ebta nuk kan\u00eb mund\u00ebsi t\u00eb shihen gjat\u00eb sh\u00ebtitjeve q\u00eb i kan\u00eb rreth 2 or\u00eb n\u00eb dit\u00eb\u201d, Gashi.<\/p>\n","protected":false},"excerpt":{"rendered":"<p>Avokati Tom\u00eb Gashi n\u00eb nj\u00eb intervist\u00eb televizive hodhi drit\u00eb mbi petendimet e qarkulluara n\u00eb media&#8230;<\/p>\n","protected":false},"author":1,"featured_media":0,"comment_status":"open","ping_status":"open","sticky":false,"template":"","format":"standard","meta":{"om_disable_all_campaigns":false,"_monsterinsights_skip_tracking":false,"_monsterinsights_sitenote_active":false,"_monsterinsights_sitenote_note":"","_monsterinsights_sitenote_category":0,"_uf_show_specific_survey":0,"_uf_disable_surveys":false,"footnotes":""},"categories":[1],"tags":[],"class_list":["post-5980","post","type-post","status-publish","format-standard","hentry","category-uncategorized"],"aioseo_notices":[],"views":20,"_links":{"self":[{"href":"https:\/\/used82.com\/index.php?rest_route=\/wp\/v2\/posts\/5980","targetHints":{"allow":["GET"]}}],"collection":[{"href":"https:\/\/used82.com\/index.php?rest_route=\/wp\/v2\/posts"}],"about":[{"href":"https:\/\/used82.com\/index.php?rest_route=\/wp\/v2\/types\/post"}],"author":[{"embeddable":true,"href":"https:\/\/used82.com\/index.php?rest_route=\/wp\/v2\/users\/1"}],"replies":[{"embeddable":true,"href":"https:\/\/used82.com\/index.php?rest_route=%2Fwp%2Fv2%2Fcomments&post=5980"}],"version-history":[{"count":0,"href":"https:\/\/used82.com\/index.php?rest_route=\/wp\/v2\/posts\/5980\/revisions"}],"wp:attachment":[{"href":"https:\/\/used82.com\/index.php?rest_route=%2Fwp%2Fv2%2Fmedia&parent=5980"}],"wp:term":[{"taxonomy":"category","embeddable":true,"href":"https:\/\/used82.com\/index.php?rest_route=%2Fwp%2Fv2%2Fcategories&post=5980"},{"taxonomy":"post_tag","embeddable":true,"href":"https:\/\/used82.com\/index.php?rest_route=%2Fwp%2Fv2%2Ftags&post=5980"}],"curies":[{"name":"wp","href":"https:\/\/api.w.org\/{rel}","templated":true}]}}