{"id":5982,"date":"2023-12-12T06:14:50","date_gmt":"2023-12-12T06:14:50","guid":{"rendered":"https:\/\/used82.com\/?p=5982"},"modified":"2023-12-12T06:14:50","modified_gmt":"2023-12-12T06:14:50","slug":"veliaj-takon-marko-kepin-ne-shba-nisem-pergatitjen-per-paraden-e-nju-jorkut-ne-qershor-2024","status":"publish","type":"post","link":"https:\/\/used82.com\/?p=5982","title":{"rendered":"Veliaj takon Marko Kepin n\u00eb SHBA: Nis\u00ebm p\u00ebrgatitjen p\u00ebr Parad\u00ebn e Nju Jorkut n\u00eb Qershor 2024"},"content":{"rendered":"<p>Pas suksesit t\u00eb Parad\u00ebs s\u00eb shqiptar\u00ebve n\u00eb Tiran\u00eb m\u00eb 28 n\u00ebntor, kan\u00eb nisur menj\u00ebher\u00eb p\u00ebrgatitjet p\u00ebr Parad\u00ebn n\u00eb Nju Jork.<br \/>\nKryetari I Bashkis\u00eb s\u00eb Tiran\u00ebs Erion Veliaj bashk\u00eb me drejtuesin e \u201cRr\u00ebnj\u00ebt Shqiptare\u201d, kan\u00eb nisur p\u00ebrgatitjet p\u00ebr Parad\u00ebn e Nju Jorkut n\u00eb Qershor 2024 ku do t\u00eb ket\u00eb shum\u00eb grupe folklorike.<\/p>\n<p>\u201cA ju p\u00eblqeu Parada e Shqiptar\u00ebve k\u00ebt\u00eb 28 N\u00ebntor?<\/p>\n<p>Bashk\u00eb me Marko Kepi nis\u00ebm p\u00ebrgatitjen p\u00ebr Parad\u00ebn e Nju Jorkut n\u00eb Qershor 2024 ku do kemi shum\u00eb grupe folklorike e ansamble nga e viset tona me \u201cRr\u00ebnj\u00ebt Shqiptare\u201d<br \/>\nM\u00eb pas rikthehemi s\u00ebrish n\u00eb viset tona p\u00ebr 28 N\u00ebntor, 2024\u201d, shkruan Veliaj.<br \/>\nP\u00ebr her\u00eb t\u00eb par\u00eb n\u00eb Tiran\u00eb u mbajt Parada e Shqiptar\u00ebve me rastin e 111-vjetorit t\u00eb Pavar\u00ebsis\u00eb s\u00eb Shqip\u00ebris\u00eb.<\/p>\n<p>Me pjes\u00ebmarrjen e mij\u00ebrave shqiptar\u00ebve nga t\u00eb gjitha trojet, parada mblodhi mbi 200 ansamble popullore dhe mij\u00ebra shqiptar\u00eb nga treva t\u00eb ndryshme. 47 kryetar\u00eb komunash arb\u00ebreshe ishin gjithashtu t\u00eb pranish\u00ebm n\u00eb k\u00ebt\u00eb parad\u00eb, t\u00eb cil\u00ebt erdh\u00ebn p\u00ebr her\u00eb t\u00eb par\u00eb p\u00ebr t\u00eb festuar.<\/p>\n","protected":false},"excerpt":{"rendered":"<p>Pas suksesit t\u00eb Parad\u00ebs s\u00eb shqiptar\u00ebve n\u00eb Tiran\u00eb m\u00eb 28 n\u00ebntor, kan\u00eb nisur menj\u00ebher\u00eb p\u00ebrgatitjet&#8230;<\/p>\n","protected":false},"author":1,"featured_media":0,"comment_status":"open","ping_status":"open","sticky":false,"template":"","format":"standard","meta":{"om_disable_all_campaigns":false,"_monsterinsights_skip_tracking":false,"_monsterinsights_sitenote_active":false,"_monsterinsights_sitenote_note":"","_monsterinsights_sitenote_category":0,"_uf_show_specific_survey":0,"_uf_disable_surveys":false,"footnotes":""},"categories":[1],"tags":[],"class_list":["post-5982","post","type-post","status-publish","format-standard","hentry","category-uncategorized"],"aioseo_notices":[],"views":19,"_links":{"self":[{"href":"https:\/\/used82.com\/index.php?rest_route=\/wp\/v2\/posts\/5982","targetHints":{"allow":["GET"]}}],"collection":[{"href":"https:\/\/used82.com\/index.php?rest_route=\/wp\/v2\/posts"}],"about":[{"href":"https:\/\/used82.com\/index.php?rest_route=\/wp\/v2\/types\/post"}],"author":[{"embeddable":true,"href":"https:\/\/used82.com\/index.php?rest_route=\/wp\/v2\/users\/1"}],"replies":[{"embeddable":true,"href":"https:\/\/used82.com\/index.php?rest_route=%2Fwp%2Fv2%2Fcomments&post=5982"}],"version-history":[{"count":0,"href":"https:\/\/used82.com\/index.php?rest_route=\/wp\/v2\/posts\/5982\/revisions"}],"wp:attachment":[{"href":"https:\/\/used82.com\/index.php?rest_route=%2Fwp%2Fv2%2Fmedia&parent=5982"}],"wp:term":[{"taxonomy":"category","embeddable":true,"href":"https:\/\/used82.com\/index.php?rest_route=%2Fwp%2Fv2%2Fcategories&post=5982"},{"taxonomy":"post_tag","embeddable":true,"href":"https:\/\/used82.com\/index.php?rest_route=%2Fwp%2Fv2%2Ftags&post=5982"}],"curies":[{"name":"wp","href":"https:\/\/api.w.org\/{rel}","templated":true}]}}