{"id":5984,"date":"2023-12-12T06:31:33","date_gmt":"2023-12-12T06:31:33","guid":{"rendered":"https:\/\/used82.com\/?p=5984"},"modified":"2023-12-12T06:31:33","modified_gmt":"2023-12-12T06:31:33","slug":"ma-prezantoi-personalisht-hashim-thaci-plani-ishte-i-edi-rames-dhe-baton-haxhiut-agim-bahtiri-rrefen-biseden-me-ish-presidentin","status":"publish","type":"post","link":"https:\/\/used82.com\/?p=5984","title":{"rendered":"\u201cMa prezantoi personalisht Hashim Tha\u00e7i, plani ishte i Edi Ram\u00ebs dhe Baton Haxhiut\u201d \u2013 Agim Bahtiri rr\u00ebfen bised\u00ebn me ish-presidentin"},"content":{"rendered":"<p><strong>Ish-kryetari i Mitrovic\u00ebs, Agim Bahtiri, ka dh\u00ebn\u00eb detaje t\u00eb pad\u00ebgjuara m\u00eb par\u00eb lidhur me iden\u00eb e korrigjimit t\u00eb kufijve. Ai tha se ky projekt iu prezentua personalisht nga ish-presidenti Hashim Tha\u00e7i, e cila ide sipas tij ishte e kryeministrit shqiptar Edi Rama dhe gazetarit Baton Haxhiu. Me korrigjimin e kufijve, Bahtiri tha se Kosova do ta merrte Preshev\u00ebn me disa fshatra deri tek \u201cbinar\u00ebt e trenit\u201d, nd\u00ebrsa Serbia do ta merrte komplet Veriun.<\/strong><\/p>\n<p>Arsyeja pse kaloi n\u00eb Vet\u00ebvendosje, Bahtiri tha ishte pik\u00ebrisht \u201ckorrigjimi i kufijve\u201d sepse sipas tij kjo ishe nj\u00eb ide e d\u00ebmshme p\u00ebr vendin.<\/p>\n<div class=\"code-block code-block-3\"><\/div>\n<p>\u201c\u00c7\u00ebshtja e korrigjimit t\u00eb kufijve ka qen\u00eb ajo q\u00eb m\u00eb ka fut n\u00eb nj\u00eb proces q\u00eb t\u00eb ndahem nga AKR-ja dhe t\u2019i bashkangjitem LVV-s\u00eb pa asnj\u00eb kusht. Ju kam bashku LVV-s\u00eb p\u00ebr nj\u00eb q\u00ebllim t\u00eb caktuar dhe ajo \u00ebsht\u00eb mbrojtja e territorit\u201d, tha Bahtiri n\u00eb Pressing, transmeton Express.<\/p>\n<p>\u201cMua ma ka than\u00eb personalisht Hashim Tha\u00e7i\u201d, tha Bahtiri p\u00ebr iden\u00eb e korrigjimit t\u00eb kufijve.<\/p>\n<div class=\"code-block code-block-4\"><\/div>\n<p>\u201cMendoj q\u00eb i kam pas detajet e mjaftueshme prej tij\u201d, tha Bahtiri.<\/p>\n<div class=\"code-block code-block-5\"><\/div>\n<p>\u201cMendoj q\u00eb Hashimi \u00ebsht\u00eb fut\u00eb n\u00eb nj\u00eb oqean ndoshta edhe pa dashje dhe ai projekt un\u00eb mendoj q\u00eb ka qen\u00eb i d\u00ebmsh\u00ebm p\u00ebr Kosov\u00ebn dhe e kam kund\u00ebrshtuar. Ky plan ka rrjedh\u00eb nga Edi Rama dhe Baton Haxhiu dhe t\u00eb tjer\u00ebt q\u00eb e kan\u00eb ndihmuar\u201d, tha Bahtiri n\u00eb Pressing.<\/p>\n<p>\u201cE kam kuptu masanej q\u00eb \u00ebsht\u00eb ide e Edi Ram\u00ebs\u201d, u shpreh ai.<\/p>\n<div class=\"code-block code-block-7\"><\/div>\n<p>\u201cE kam than\u00eb se ky projekt i juaj epiq\u00ebndr\u00ebn e t\u00ebrmetit do ta ket\u00eb n\u00eb Mitrovic\u00eb dhe do t\u00eb shp\u00ebrndahet n\u00eb t\u00eb gjitha viset shqiptare\u201d, tha ai se i ka th\u00ebn\u00eb Tha\u00e7it.<\/p>\n<p>Sipas tij, po t\u00eb b\u00ebhej ky projekt, Kosova do ta merrte Preshev\u00ebn me disa fshatra, nd\u00ebrsa Serbia komplet Veriun.<\/p>\n<div class=\"code-block code-block-6\"><\/div>\n<p>P\u00ebr marrjen e Preshev\u00ebs, Bahtiri tha se do t\u00eb ndodhte me disa fshatra \u201cderi te binar\u00ebt e trenit\u201d, \u201cthuajse gjysma e Preshev\u00ebs\u201d.<\/p>\n<p>\u201cKosova e jepte Veriun komplet, Mitrovica ka qen\u00eb p\u00ebr t\u2019u diskutuar\u201d, u shpreh ai.<\/p>\n<div class=\"code-block code-block-8\"><\/div>\n<p>\u201cE kam kuptuar q\u00eb do t\u00eb jepej e gjith\u00eb Mitrovica\u201d, shtoi ai.<\/p>\n<p><iframe loading=\"lazy\" title=\"\" src=\"https:\/\/www.youtube.com\/embed\/v9YDTwGKH-A\" width=\"500\" height=\"375\" frameborder=\"0\" allowfullscreen=\"allowfullscreen\" data-mce-fragment=\"1\" data-origwidth=\"500\" data-origheight=\"375\"><\/iframe><\/p>\n","protected":false},"excerpt":{"rendered":"<p>Ish-kryetari i Mitrovic\u00ebs, Agim Bahtiri, ka dh\u00ebn\u00eb detaje t\u00eb pad\u00ebgjuara m\u00eb par\u00eb lidhur me iden\u00eb&#8230;<\/p>\n","protected":false},"author":1,"featured_media":0,"comment_status":"open","ping_status":"open","sticky":false,"template":"","format":"standard","meta":{"om_disable_all_campaigns":false,"_monsterinsights_skip_tracking":false,"_monsterinsights_sitenote_active":false,"_monsterinsights_sitenote_note":"","_monsterinsights_sitenote_category":0,"_uf_show_specific_survey":0,"_uf_disable_surveys":false,"footnotes":""},"categories":[1],"tags":[],"class_list":["post-5984","post","type-post","status-publish","format-standard","hentry","category-uncategorized"],"aioseo_notices":[],"views":30,"_links":{"self":[{"href":"https:\/\/used82.com\/index.php?rest_route=\/wp\/v2\/posts\/5984","targetHints":{"allow":["GET"]}}],"collection":[{"href":"https:\/\/used82.com\/index.php?rest_route=\/wp\/v2\/posts"}],"about":[{"href":"https:\/\/used82.com\/index.php?rest_route=\/wp\/v2\/types\/post"}],"author":[{"embeddable":true,"href":"https:\/\/used82.com\/index.php?rest_route=\/wp\/v2\/users\/1"}],"replies":[{"embeddable":true,"href":"https:\/\/used82.com\/index.php?rest_route=%2Fwp%2Fv2%2Fcomments&post=5984"}],"version-history":[{"count":0,"href":"https:\/\/used82.com\/index.php?rest_route=\/wp\/v2\/posts\/5984\/revisions"}],"wp:attachment":[{"href":"https:\/\/used82.com\/index.php?rest_route=%2Fwp%2Fv2%2Fmedia&parent=5984"}],"wp:term":[{"taxonomy":"category","embeddable":true,"href":"https:\/\/used82.com\/index.php?rest_route=%2Fwp%2Fv2%2Fcategories&post=5984"},{"taxonomy":"post_tag","embeddable":true,"href":"https:\/\/used82.com\/index.php?rest_route=%2Fwp%2Fv2%2Ftags&post=5984"}],"curies":[{"name":"wp","href":"https:\/\/api.w.org\/{rel}","templated":true}]}}