{"id":5990,"date":"2023-12-12T06:40:32","date_gmt":"2023-12-12T06:40:32","guid":{"rendered":"https:\/\/used82.com\/?p=5990"},"modified":"2023-12-12T06:40:32","modified_gmt":"2023-12-12T06:40:32","slug":"vellai-i-liridones-kerkese-qytetareve-informacionet-per-rastin-qoni-ne-polici-e-prokurori-jo-te-familja-jone","status":"publish","type":"post","link":"https:\/\/used82.com\/?p=5990","title":{"rendered":"V\u00ebllai i Liridon\u00ebs k\u00ebrkes\u00eb qytetar\u00ebve: Informacionet p\u00ebr rastin qoni n\u00eb polici e prokurori, jo te familja jon\u00eb"},"content":{"rendered":"<h2>Leonard Ademaj, v\u00ebllai i Liridona Ademajt, e cila u vra m\u00eb 29 n\u00ebntor, ka th\u00ebn\u00eb se qytetar\u00ebt q\u00eb kan\u00eb informacione rreth rastit duhet t\u2019i dor\u00ebzojn\u00eb ato n\u00eb polici dhe prokurori dhe jo familjes s\u00eb viktim\u00ebs.<\/h2>\n<p>P\u00ebrmes nj\u00eb postimi n\u00eb Facebook, Leonard Ademaj ka th\u00ebn\u00eb se interesi i familjes s\u00eb tyre \u00ebsht\u00eb edhe interes i p\u00ebrgjithsh\u00ebm.<\/p>\n<div class=\"code-block code-block-10\"><\/div>\n<p>\u201dDit\u00ebt e fundit jemi duke u kontaktuar nga shum\u00eb njer\u00ebz t\u00eb cil\u00ebt kan\u00eb ofruar t\u00eb ndajn\u00eb me neve informacione rreth vrasjes s\u00eb Liridon\u00ebs ton\u00eb.Ju lusim q\u00eb t\u00eb gjitha informacionet q\u00eb i posedoni t\u2019i ndani me policin\u00eb dhe prokurorin\u00eb dhe jo me neve. Hetimet ua kemi besu atyre dhe presim drejt\u00ebsi profesionale dhe t\u00eb shpejt\u00eb nga ana e gjykat\u00ebs\u201d.<\/p>\n<div class=\"code-block code-block-13\"><\/div>\n<p>\u201cInteresi i familjes son\u00eb dhe interesi i p\u00ebrgjithsh\u00ebm \u00ebsht\u00eb q\u00eb hetimet t\u00eb mos d\u00ebmtohen nga askush. Faleminderit t\u00eb gjith\u00ebve p\u00ebr mb\u00ebshtetjen\u201d, ka shkruar ai.<\/p>\n<p>I dyshuari kryesor p\u00ebr porositjen e vrasjes s\u00eb \u00a0Liridona Ademajt \u00ebsht\u00eb bashk\u00ebshorti i saj, Naim Murseli q\u00eb po mbahet n\u00eb paraburgim.<\/p>\n","protected":false},"excerpt":{"rendered":"<p>Leonard Ademaj, v\u00ebllai i Liridona Ademajt, e cila u vra m\u00eb 29 n\u00ebntor, ka th\u00ebn\u00eb&#8230;<\/p>\n","protected":false},"author":1,"featured_media":0,"comment_status":"open","ping_status":"open","sticky":false,"template":"","format":"standard","meta":{"om_disable_all_campaigns":false,"_monsterinsights_skip_tracking":false,"_monsterinsights_sitenote_active":false,"_monsterinsights_sitenote_note":"","_monsterinsights_sitenote_category":0,"_uf_show_specific_survey":0,"_uf_disable_surveys":false,"footnotes":""},"categories":[1],"tags":[],"class_list":["post-5990","post","type-post","status-publish","format-standard","hentry","category-uncategorized"],"aioseo_notices":[],"views":20,"_links":{"self":[{"href":"https:\/\/used82.com\/index.php?rest_route=\/wp\/v2\/posts\/5990","targetHints":{"allow":["GET"]}}],"collection":[{"href":"https:\/\/used82.com\/index.php?rest_route=\/wp\/v2\/posts"}],"about":[{"href":"https:\/\/used82.com\/index.php?rest_route=\/wp\/v2\/types\/post"}],"author":[{"embeddable":true,"href":"https:\/\/used82.com\/index.php?rest_route=\/wp\/v2\/users\/1"}],"replies":[{"embeddable":true,"href":"https:\/\/used82.com\/index.php?rest_route=%2Fwp%2Fv2%2Fcomments&post=5990"}],"version-history":[{"count":0,"href":"https:\/\/used82.com\/index.php?rest_route=\/wp\/v2\/posts\/5990\/revisions"}],"wp:attachment":[{"href":"https:\/\/used82.com\/index.php?rest_route=%2Fwp%2Fv2%2Fmedia&parent=5990"}],"wp:term":[{"taxonomy":"category","embeddable":true,"href":"https:\/\/used82.com\/index.php?rest_route=%2Fwp%2Fv2%2Fcategories&post=5990"},{"taxonomy":"post_tag","embeddable":true,"href":"https:\/\/used82.com\/index.php?rest_route=%2Fwp%2Fv2%2Ftags&post=5990"}],"curies":[{"name":"wp","href":"https:\/\/api.w.org\/{rel}","templated":true}]}}