{"id":5996,"date":"2023-12-12T06:50:36","date_gmt":"2023-12-12T06:50:36","guid":{"rendered":"https:\/\/used82.com\/?p=5996"},"modified":"2023-12-12T06:50:36","modified_gmt":"2023-12-12T06:50:36","slug":"maqedonci-bazat-ushtarake-serbe-te-vendosura-pergjate-kufirit-me-kosoven-paraqesin-kercenim","status":"publish","type":"post","link":"https:\/\/used82.com\/?p=5996","title":{"rendered":"Maqedonci: Bazat ushtarake serbe t\u00eb vendosura p\u00ebrgjat\u00eb kufirit me Kosov\u00ebn paraqesin k\u00ebrc\u00ebnim"},"content":{"rendered":"<p>Ministri i Mbrojtjes, Ejup Maqedonci thot\u00eb se bazat ushtarake t\u00eb vendosura p\u00ebrgjat\u00eb kufirit me Kosov\u00ebn paraqesin k\u00ebrc\u00ebnim.<\/p>\n<div class=\"des-adv\"><\/div>\n<p>\u201cKemi informacione q\u00eb k\u00ebto 48 baza ushtarake jan\u00eb q\u00eb disa vite t\u00eb vendosura p\u00ebrgjat\u00eb kufirit me Kosov\u00ebn. Jan\u00eb baza q\u00eb n\u00eb fakt jan\u00eb tejzgjatje e nj\u00ebsive m\u00eb t\u00eb m\u00ebdha q\u00eb jan\u00eb brigada t\u00eb ushtris\u00eb serbe q\u00eb jan\u00eb t\u00eb dislokuara n\u00eb jug t\u00eb Serbis\u00eb, n\u00eb Rashk\u00eb, Nish dhe Vranj\u00eb dhe p\u00ebr ne paraqesin k\u00ebrc\u00ebnim, prezenca, militarizimi i Serbis\u00eb, ve\u00e7an\u00ebrisht militarizimi i zon\u00ebs p\u00ebrreth Kosov\u00ebs gjithmon\u00eb paraqet k\u00ebrc\u00ebnim, shtoja k\u00ebsaj qasjen hegjemoniste t\u00eb politik\u00ebs serbe n\u00eb raport me Kosov\u00ebn\u2026\u201d<\/p>\n<div class=\"des-adv shteti\"><\/div>\n<p>\u201cT\u00eb gjitha k\u00ebto elemente p\u00ebr ne paraqet k\u00ebrc\u00ebnim. Jo vet\u00ebm militarizimi i zon\u00ebs p\u00ebrreth Kosov\u00ebs, \u00ebsht\u00eb militarizimi i vet\u00eb Serbis\u00eb, militarizimi i ushtris\u00eb serbe, blerjet q\u00eb b\u00ebjn\u00eb me Rusin\u00eb dhe Kin\u00ebn, t\u00eb gjitha k\u00ebto paraqesin k\u00ebrc\u00ebnim p\u00ebr t\u00eb gjith\u00eb Ballkanin Per\u00ebndimor\u201d, tha ai n\u00eb Dukagjin.<\/p>\n<div class=\"des-adv jashtshteti\"><\/div>\n<p>Maqedonci foli edhe p\u00ebr influenc\u00ebn ruse, q\u00eb, sipas tij, e tejkalon aspektin e bashk\u00ebpunimit nd\u00ebrinstitucional me Serbin\u00eb.<ins><\/ins><\/p>\n<p>\u201cKjo vjen p\u00ebr shkak t\u00eb lidhjeve historike q\u00eb Serbia kas pasur me Rusin\u00eb dhe p\u00ebr shkak t\u00eb qasjes, synimeve ruse p\u00ebr t\u00eb pasur qasje n\u00eb Ballkan, n\u00eb Detin Adriatik dhe Mesdhe, t\u00eb gjitha k\u00ebto e b\u00ebjn\u00eb Serbin\u00eb t\u00eb ekspozuar te influenca ruse dhe me t\u00eb v\u00ebrtet\u00eb kjo influenc\u00eb paraqet rrezik p\u00ebr gjith\u00eb Ballkanin\u201d, tha ai.<\/p>\n","protected":false},"excerpt":{"rendered":"<p>Ministri i Mbrojtjes, Ejup Maqedonci thot\u00eb se bazat ushtarake t\u00eb vendosura p\u00ebrgjat\u00eb kufirit me Kosov\u00ebn&#8230;<\/p>\n","protected":false},"author":1,"featured_media":0,"comment_status":"open","ping_status":"open","sticky":false,"template":"","format":"standard","meta":{"om_disable_all_campaigns":false,"_monsterinsights_skip_tracking":false,"_monsterinsights_sitenote_active":false,"_monsterinsights_sitenote_note":"","_monsterinsights_sitenote_category":0,"_uf_show_specific_survey":0,"_uf_disable_surveys":false,"footnotes":""},"categories":[1],"tags":[],"class_list":["post-5996","post","type-post","status-publish","format-standard","hentry","category-uncategorized"],"aioseo_notices":[],"views":30,"_links":{"self":[{"href":"https:\/\/used82.com\/index.php?rest_route=\/wp\/v2\/posts\/5996","targetHints":{"allow":["GET"]}}],"collection":[{"href":"https:\/\/used82.com\/index.php?rest_route=\/wp\/v2\/posts"}],"about":[{"href":"https:\/\/used82.com\/index.php?rest_route=\/wp\/v2\/types\/post"}],"author":[{"embeddable":true,"href":"https:\/\/used82.com\/index.php?rest_route=\/wp\/v2\/users\/1"}],"replies":[{"embeddable":true,"href":"https:\/\/used82.com\/index.php?rest_route=%2Fwp%2Fv2%2Fcomments&post=5996"}],"version-history":[{"count":0,"href":"https:\/\/used82.com\/index.php?rest_route=\/wp\/v2\/posts\/5996\/revisions"}],"wp:attachment":[{"href":"https:\/\/used82.com\/index.php?rest_route=%2Fwp%2Fv2%2Fmedia&parent=5996"}],"wp:term":[{"taxonomy":"category","embeddable":true,"href":"https:\/\/used82.com\/index.php?rest_route=%2Fwp%2Fv2%2Fcategories&post=5996"},{"taxonomy":"post_tag","embeddable":true,"href":"https:\/\/used82.com\/index.php?rest_route=%2Fwp%2Fv2%2Ftags&post=5996"}],"curies":[{"name":"wp","href":"https:\/\/api.w.org\/{rel}","templated":true}]}}