{"id":5998,"date":"2023-12-12T06:52:24","date_gmt":"2023-12-12T06:52:24","guid":{"rendered":"https:\/\/used82.com\/?p=5998"},"modified":"2023-12-12T06:52:24","modified_gmt":"2023-12-12T06:52:24","slug":"turqia-cakton-40-dite-paraburgim-per-te-dyshuarin-per-vrasjen-e-dyfishte-ne-maqedonine-e-veriut","status":"publish","type":"post","link":"https:\/\/used82.com\/?p=5998","title":{"rendered":"Turqia cakton 40 dit\u00eb paraburgim p\u00ebr t\u00eb dyshuarin p\u00ebr vrasjen e dyfisht\u00eb n\u00eb Maqedonin\u00eb e Veriut"},"content":{"rendered":"<p>Ministria e Drejt\u00ebsis\u00eb s\u00eb Maqedonis\u00eb s\u00eb Veriut ka b\u00ebr\u00eb t\u00eb ditur t\u00eb h\u00ebn\u00ebn se autoritetet gjyq\u00ebsore turke i kan\u00eb zgjatur p\u00ebr dyzet dit\u00eb paraburgimin autorit t\u00eb dyshuar p\u00ebr vrasjen e dyfisht\u00eb, Lup\u00e7o Palevski.<\/p>\n<div class=\"des-adv\"><\/div>\n<p>Ministria turke e Pun\u00ebve t\u00eb Jashtme ka njoftuar Ambasad\u00ebn maqedonase n\u00eb Ankara se Kryeprokurori Publik i Balikesirit, qyteza ku u arrestua Palevski, i ka caktuar atij paraburgimin para ekstradimit n\u00eb koh\u00ebzgjatje prej 40 dit\u00ebsh.<\/p>\n<div class=\"des-adv shteti\"><\/div>\n<p>Ministria e Drejt\u00ebsis\u00eb n\u00eb Shkup i dor\u00ebzoi para pak dit\u00ebsh autoriteteve turke dokumentacionin e nevojsh\u00ebm me k\u00ebrkes\u00ebn p\u00ebr ekstradimin e autorit t\u00eb dyshuar p\u00ebr vrasjen e vajz\u00ebs 14-vje\u00e7e, Vanja Gjor\u00e7evska n\u00eb Shkup dhe Pan\u00e7e Zhezhovskit, 74-vje\u00e7ar nga Velesi.<\/p>\n<div class=\"des-adv jashtshteti\"><\/div>\n<p>Maqedonia e Veriut dhe Turqia kan\u00eb nj\u00eb marr\u00ebveshje midis tyre p\u00ebr ekstradim, por ekspert\u00ebt e \u00e7\u00ebshtjes n\u00eb Shkup paralajm\u00ebrojn\u00eb partit\u00eb politike dhe median q\u00eb t\u00eb mos e politizojn\u00eb aktin sepse, sipas tyre, mund t\u00eb v\u00ebshtir\u00ebsohen procedurat e ekstradimit t\u00eb Palevskit n\u00eb vend.<\/p>\n<p>Nd\u00ebrsa VMRO-DPMNE e opozit\u00ebs akuzon qeverin\u00eb p\u00ebr l\u00ebshime rreth rastit t\u00eb vrasjes, p\u00ebrkat\u00ebsisht anashkalimin e hetimit t\u00eb vrasjes s\u00eb berberit Zhezhovski n\u00eb Veles, eksponent\u00eb qeveritar\u00eb dhe t\u00eb Lidhjes Social Demokrate n\u00eb pushtet thon\u00eb se Lup\u00e7o Palevski ishte i af\u00ebrt me VMRO-n\u00eb.<\/p>\n<div class=\"des-adv shteti\"><\/div>\n<p>Nd\u00ebrkaq, zyrtar\u00eb t\u00eb VMRO-s\u00eb thon\u00eb se policia nuk e kishte k\u00ebrkuar fare makin\u00ebn e viktim\u00ebs n\u00eb Veles, nd\u00ebrkoh\u00eb q\u00eb ajo ishte pikasur nga kamerat e siguris\u00eb n\u00eb nj\u00eb a dy lagje t\u00eb Shkupit, pas aktit t\u00eb vrasjes. Kjo makin\u00eb, m\u00eb pas u p\u00ebrdor p\u00ebr rr\u00ebmbimin e adoleshentes Vanja Gjor\u00e7evska n\u00eb qend\u00ebr t\u00eb Shkupit, n\u00eb hyrje t\u00eb nd\u00ebrtes\u00ebs ku banonte ajo.<\/p>\n<div class=\"des-adv jashtshteti\"><\/div>\n<p>Opozita maqedonase thot\u00eb se vrasja e vajz\u00ebs mund t\u00eb mos kishte ndodhur sikur t\u00eb ishte zbuluar makina e viktim\u00ebs s\u00eb par\u00eb. Partia k\u00ebrkon dor\u00ebheqjen e Ministrit t\u00eb Pun\u00ebve t\u00eb Brendshme, Oliver Spasovki.<\/p>\n<div class=\"des-adv shteti\"><\/div>\n<p>I dyshuari kryesor p\u00ebr vrasjen e dysfisht\u00eb, Lup\u00e7o Palevski u kap m\u00eb 5 dhjetor n\u00eb qytez\u00ebn Balikesir, n\u00eb jug t\u00eb Stambollit. Ai fillimisht ishte arratisur n\u00eb Serbi, me ndihm\u00ebn e avokatit t\u00eb tij personal, t\u00eb cilin e kishte g\u00ebnjyer, sipas k\u00ebtij t\u00eb fundit, se duhej t\u00eb shkonte atje p\u00ebr nj\u00eb kontroll sh\u00ebndet\u00ebsor. Avokati m\u00eb pas u mor n\u00eb pyetje n\u00eb hetuesi n\u00eb Shkup, por nuk jan\u00eb caktuar masa kund\u00ebr tij.<\/p>\n<div class=\"des-adv jashtshteti\"><\/div>\n<p>Nga Beogradi, autori i dyshuar \u00ebsht\u00eb larguar p\u00ebrmes Bullgaris\u00eb p\u00ebr n\u00eb Turqi me ndihm\u00ebn e nj\u00eb qytetari t\u00eb Strumic\u00ebs (n\u00eb juglindje t\u00eb Maqedonis\u00eb s\u00eb Veriut). Organet hetuese e kishin zbuluar at\u00eb dhe atij i \u00ebsht\u00eb caktuar masa e paraburgimit, nd\u00ebrsa nuk dihet n\u00ebse ky individ i kishte shpjeguar holl\u00ebsit\u00eb rreth arratisjes s\u00eb Palevskit n\u00eb Turqi, ku rezultoi n\u00eb kapjen e shpejt t\u00eb tij nga polcia e atjeshme.<\/p>\n<p>Nd\u00ebr pes\u00eb t\u00eb arrestuarit q\u00eb po mbahen n\u00eb paraburgim n\u00eb Shkup ndodhet edhe babai i 14-vje\u00e7ar\u00ebs, Aleksandar Gjor\u00e7evski, i dyshuar p\u00ebr p\u00ebrfshirjen n\u00eb rr\u00ebmbimin e saj. Ai dyshohet se i kishte dh\u00ebn\u00eb informata t\u00eb akuzuarit kryesor, Palevski lidhur me l\u00ebvizjet e vajz\u00ebs s\u00eb tij.<\/p>\n<div class=\"des-adv shteti\"><\/div>\n<p>Ajo u rr\u00ebmbye m\u00eb 27 n\u00ebntor n\u00eb hyrje t\u00eb nd\u00ebrtes\u00ebs ku banonte n\u00eb qend\u00ebr t\u00eb Shkupit. Autoritetet njoftuan se vajz\u00ebs ia kishin lidhur duart dhe k\u00ebmb\u00ebt, e kishin futur n\u00eb nj\u00eb thes dhe n\u00eb bagazhin e makin\u00ebs p\u00ebr ta d\u00ebrguar pran\u00eb fshatit Brazd\u00eb n\u00eb veri t\u00eb Shkupi. Sipas organeve hetuese, pas rreth tre or\u00ebsh nga rr\u00ebmbimi, vajza ishte ekzekutuar me arm\u00eb zjarri.<\/p>\n<p>Procedurat e autopsis\u00eb kan\u00eb p\u00ebrfunduar, por t\u00eb dh\u00ebna konkrete nuk jan\u00eb b\u00ebr\u00eb t\u00eb ditura p\u00ebr publikun. Babai i vajz\u00ebs ka mohuar p\u00ebrfshirjen n\u00eb vrasjen e saj, nd\u00ebrkaq nj\u00ebri nga t\u00eb arrestuarit ka pranuar pjes\u00ebmarrjen n\u00eb k\u00ebt\u00eb vep\u00ebr t\u00eb r\u00ebnd\u00eb.<\/p>\n<p>Nga ana tjet\u00ebr, rasti i vrasjes s\u00eb adoleshentes \u00ebsht\u00eb i mb\u00ebshtjell\u00eb me mister, teksa nj\u00eb pjes\u00eb e medias flet p\u00ebr njohjen dhe miq\u00ebsin\u00eb e autorit t\u00eb dyshuar p\u00ebr vrasjen me familjen e viktim\u00ebs; se gjyshi i Vanj\u00ebs, i cili kishte qen\u00eb m\u00eb par\u00eb drejtor i Doganave, t\u00eb kishte b\u00ebr\u00eb biznes me Palevksin, ky i fundit i njohur si sip\u00ebrmarr\u00ebs n\u00eb fush\u00ebn e nd\u00ebrtimit. Sipas medias lokale, nd\u00ebrtes\u00ebn ku banonte vajza me t\u00eb motr\u00ebn dhe n\u00ebn\u00ebn e sj, e kishte nd\u00ebrtuar Lup\u00e7o Palevski.<\/p>\n<p>Sipas dyshimeve t\u00eb policis\u00eb, motivi i rr\u00ebmbimit dhe vrasjes s\u00eb Vanja Gjor\u00e7evsk\u00ebs mund t\u00eb jet\u00eb p\u00ebrfitimi material, apo zhvatja e parave nga n\u00ebna e saj q\u00eb kishte shitur s\u00eb fundmi nj\u00eb banes\u00eb t\u00eb trash\u00ebguar prej prind\u00ebrve t\u00eb saj. Dy prind\u00ebrit e vajz\u00ebs ishin t\u00eb divorcuar.<\/p>\n","protected":false},"excerpt":{"rendered":"<p>Ministria e Drejt\u00ebsis\u00eb s\u00eb Maqedonis\u00eb s\u00eb Veriut ka b\u00ebr\u00eb t\u00eb ditur t\u00eb h\u00ebn\u00ebn se autoritetet&#8230;<\/p>\n","protected":false},"author":1,"featured_media":0,"comment_status":"open","ping_status":"open","sticky":false,"template":"","format":"standard","meta":{"om_disable_all_campaigns":false,"_monsterinsights_skip_tracking":false,"_monsterinsights_sitenote_active":false,"_monsterinsights_sitenote_note":"","_monsterinsights_sitenote_category":0,"_uf_show_specific_survey":0,"_uf_disable_surveys":false,"footnotes":""},"categories":[1],"tags":[],"class_list":["post-5998","post","type-post","status-publish","format-standard","hentry","category-uncategorized"],"aioseo_notices":[],"views":21,"_links":{"self":[{"href":"https:\/\/used82.com\/index.php?rest_route=\/wp\/v2\/posts\/5998","targetHints":{"allow":["GET"]}}],"collection":[{"href":"https:\/\/used82.com\/index.php?rest_route=\/wp\/v2\/posts"}],"about":[{"href":"https:\/\/used82.com\/index.php?rest_route=\/wp\/v2\/types\/post"}],"author":[{"embeddable":true,"href":"https:\/\/used82.com\/index.php?rest_route=\/wp\/v2\/users\/1"}],"replies":[{"embeddable":true,"href":"https:\/\/used82.com\/index.php?rest_route=%2Fwp%2Fv2%2Fcomments&post=5998"}],"version-history":[{"count":0,"href":"https:\/\/used82.com\/index.php?rest_route=\/wp\/v2\/posts\/5998\/revisions"}],"wp:attachment":[{"href":"https:\/\/used82.com\/index.php?rest_route=%2Fwp%2Fv2%2Fmedia&parent=5998"}],"wp:term":[{"taxonomy":"category","embeddable":true,"href":"https:\/\/used82.com\/index.php?rest_route=%2Fwp%2Fv2%2Fcategories&post=5998"},{"taxonomy":"post_tag","embeddable":true,"href":"https:\/\/used82.com\/index.php?rest_route=%2Fwp%2Fv2%2Ftags&post=5998"}],"curies":[{"name":"wp","href":"https:\/\/api.w.org\/{rel}","templated":true}]}}