{"id":6000,"date":"2023-12-12T09:58:44","date_gmt":"2023-12-12T09:58:44","guid":{"rendered":"https:\/\/used82.com\/?p=6000"},"modified":"2023-12-12T09:58:44","modified_gmt":"2023-12-12T09:58:44","slug":"planifikuan-vrasjen-avokati-i-njohur-habit-me-deklataten-ja-pse-do-pranoja-te-mbroja-3-te-akuzuarit-per-ekzekutimin-e-liridona-ademajt","status":"publish","type":"post","link":"https:\/\/used82.com\/?p=6000","title":{"rendered":"Planifikuan vrasjen, avokati i njohur habit me deklatat\u00ebn: Ja pse do pranoja t\u00eb mbroja 3 t\u00eb akuzuarit p\u00ebr ekzekutimin e Liridona Ademajt"},"content":{"rendered":"<p>Avokati Meshari Selimaj foli n\u00eb nj\u00eb<\/p>\n<div id=\"tiran-7ea00ea43fe7914c11200873127257ea\" class=\"tiran-7ea00ea43fe7914c11200873127257ea tiran-mob\"><\/div>\n<p>studio televizive p\u00ebr rastin e vrasjes s\u00eb Liridona Ademajt.<\/p>\n<div class=\"code-block code-block-3\"><\/div>\n<p>Ai tha se do e pranonte nj\u00eb \u00e7\u00ebshtje e till\u00eb,<\/p>\n<p>pasi ajo nuk ka r\u00ebnd\u00ebsi vet\u00ebm p\u00ebr t\u00eb pandehurin, por edhe p\u00ebr mbar\u00ebvajtjen e procesit ligjor.<\/p>\n<div class=\"code-block code-block-4\"><\/div>\n<div id=\"tiran-243161c7be0bee08b8fb5adeac19826d\" class=\"tiran-243161c7be0bee08b8fb5adeac19826d tiran-content\"><\/div>\n<p>\u201cAvokati pik\u00eb s\u00eb pari \u00ebsht\u00eb garant p\u00ebr nj\u00eb proces t\u00eb rregullt n\u00eb nj\u00eb procedur\u00eb penale.<\/p>\n<div class=\"code-block code-block-5\"><\/div>\n<div id=\"tiran-e529a722bec25e1f94bf634248b3069d\" class=\"tiran-e529a722bec25e1f94bf634248b3069d tiran-content_4\"><\/div>\n<p>Pra e garanton procedur\u00ebn n\u00eb drejtim t\u00eb shkeljes s\u00eb t\u00eb drejtave t\u00eb njeriut.<\/p>\n<p>&nbsp;<\/p>\n<div class=\"code-block code-block-7\"><\/div>\n<p>E dyta, avokati me kodin e procedur\u00ebs penale t\u00eb republik\u00ebs s\u00eb Kosov\u00ebs, nga momenti kur kemi t\u00eb b\u00ebjm\u00eb me nj\u00eb vep\u00ebr penale 5 vite e sip\u00ebr at\u00ebher\u00eb n\u00eb m\u00ebnyr\u00eb zyrtare duhet t\u00eb caktohet nj\u00eb avokat p\u00ebr t\u00eb p\u00ebrfaq\u00ebsuar nj\u00eb t\u00eb pandehur.<\/p>\n<p>Ky \u00ebsht\u00eb rregull, q\u00eb do t\u00eb thot\u00eb se nuk \u00ebsht\u00eb vet\u00ebm interesi i t\u00eb pandehurit, por \u00ebsht\u00eb edhe interesi i shtetit, pasi pa nj\u00eb avokat nuk mund t\u00eb zhvillohet procedura, pasi \u00e7do deklarim, pa t\u00eb do t\u00eb ishte prov\u00eb e pa pranueshme\u201d,-tha avokati.<\/p>\n","protected":false},"excerpt":{"rendered":"<p>Avokati Meshari Selimaj foli n\u00eb nj\u00eb studio televizive p\u00ebr rastin e vrasjes s\u00eb Liridona Ademajt&#8230;.<\/p>\n","protected":false},"author":1,"featured_media":0,"comment_status":"open","ping_status":"open","sticky":false,"template":"","format":"standard","meta":{"om_disable_all_campaigns":false,"_monsterinsights_skip_tracking":false,"_monsterinsights_sitenote_active":false,"_monsterinsights_sitenote_note":"","_monsterinsights_sitenote_category":0,"_uf_show_specific_survey":0,"_uf_disable_surveys":false,"footnotes":""},"categories":[1],"tags":[],"class_list":["post-6000","post","type-post","status-publish","format-standard","hentry","category-uncategorized"],"aioseo_notices":[],"views":20,"_links":{"self":[{"href":"https:\/\/used82.com\/index.php?rest_route=\/wp\/v2\/posts\/6000","targetHints":{"allow":["GET"]}}],"collection":[{"href":"https:\/\/used82.com\/index.php?rest_route=\/wp\/v2\/posts"}],"about":[{"href":"https:\/\/used82.com\/index.php?rest_route=\/wp\/v2\/types\/post"}],"author":[{"embeddable":true,"href":"https:\/\/used82.com\/index.php?rest_route=\/wp\/v2\/users\/1"}],"replies":[{"embeddable":true,"href":"https:\/\/used82.com\/index.php?rest_route=%2Fwp%2Fv2%2Fcomments&post=6000"}],"version-history":[{"count":0,"href":"https:\/\/used82.com\/index.php?rest_route=\/wp\/v2\/posts\/6000\/revisions"}],"wp:attachment":[{"href":"https:\/\/used82.com\/index.php?rest_route=%2Fwp%2Fv2%2Fmedia&parent=6000"}],"wp:term":[{"taxonomy":"category","embeddable":true,"href":"https:\/\/used82.com\/index.php?rest_route=%2Fwp%2Fv2%2Fcategories&post=6000"},{"taxonomy":"post_tag","embeddable":true,"href":"https:\/\/used82.com\/index.php?rest_route=%2Fwp%2Fv2%2Ftags&post=6000"}],"curies":[{"name":"wp","href":"https:\/\/api.w.org\/{rel}","templated":true}]}}