{"id":6004,"date":"2023-12-12T10:02:42","date_gmt":"2023-12-12T10:02:42","guid":{"rendered":"https:\/\/used82.com\/?p=6004"},"modified":"2023-12-12T10:02:42","modified_gmt":"2023-12-12T10:02:42","slug":"vrasja-e-liridona-ademajt-gazetari-i-njohur-plas-bomben-dy-familjet-e-kane-mesuar-te-verteten-por-heshtin-prej","status":"publish","type":"post","link":"https:\/\/used82.com\/?p=6004","title":{"rendered":"Vrasja e Liridona Ademajt, gazetari i njohur plas \u201cbomb\u00ebn\u201d: Dy familjet e kan\u00eb m\u00ebsuar t\u00eb v\u00ebrtet\u00ebn, por heshtin prej\u2026"},"content":{"rendered":"<p>Gazetari Igli \u00c7elmeta ka zbuluar detaje t\u00eb reja<\/p>\n<div id=\"tiran-fd07f56d8beb798ea33f1ac192d7786b\" class=\"tiran-fd07f56d8beb798ea33f1ac192d7786b tiran-mob\"><\/div>\n<p>n\u00eb lidhje me hetimet p\u00ebr vrasjen e Liridona Ademajt n\u00eb Kosov\u00eb.<\/p>\n<div class=\"code-block code-block-3\"><\/div>\n<p>\u00c7elmeta tha se hetimet vijon\u00eb p\u00ebr zbardhjen e t\u00eb v\u00ebrtet\u00ebs,<\/p>\n<p>nd\u00ebrsa tha se babai i Naim Murselit,<\/p>\n<div class=\"code-block code-block-4\"><\/div>\n<div id=\"tiran-a1acc0a44a58528c4663719ba394c6fa\" class=\"tiran-a1acc0a44a58528c4663719ba394c6fa tiran-content\"><\/div>\n<p>i cili porositi vrasjen e bashk\u00ebshortes,<\/p>\n<div class=\"code-block code-block-5\"><\/div>\n<div id=\"tiran-c254c9818583dc1191c7ebca58ad526c\" class=\"tiran-c254c9818583dc1191c7ebca58ad526c tiran-content_4\"><\/div>\n<p>di t\u00eb v\u00ebrtet\u00ebn p\u00ebr ngjarjen dhe se kjo \u00ebsht\u00eb zbuluar nga takimi q\u00eb ka b\u00ebr\u00eb me t\u00eb birin n\u00eb burg.<\/p>\n<p>Ai tha gjithashtu se edhe familjet Murseli Ademaj e din\u00eb t\u00eb v\u00ebrtet\u00ebn, por heshtin p\u00ebr t\u00eb respektuar t\u00eb ndjer\u00ebn.<\/p>\n<div class=\"code-block code-block-7\"><\/div>\n<p>&nbsp;<\/p>\n<p>\u201cNga takimi q\u00eb ka b\u00ebr\u00eb me djalin n\u00eb burg, nga pamjet dhe audio rezulton se ky person e di t\u00eb v\u00ebrtet\u00ebn dhe autoritetet e Kosov\u00ebs do t\u00eb veprojn\u00eb shum\u00eb shpejt. Po mbron nj\u00eb kriminel, djali i tij \u00ebsht\u00eb kriminel. E v\u00ebretat \u00ebsht\u00eb tentuar t\u00eb mos dal\u00eb n\u00eb media, te dyja familjet e din\u00eb t\u00eb v\u00ebrtet\u00ebn por nuk e thon\u00eb sepse duan t\u00eb respektojn\u00eb Liridon\u00ebn. Disa nga familjar\u00ebt e kan\u00eb th\u00ebn\u00eb t\u00eb v\u00ebrtet\u00ebn. Prandaj hetimi po vazhdon. Shaban Murseli di shum\u00eb, tha \u00c7elmeta.<\/p>\n<div class=\"code-block code-block-6\"><\/div>\n<p>Gazetari gjithashtu foli dhe n\u00eb lidhje me aludimet p\u00ebr dhun\u00ebn ndaj autorit t\u00eb krimit, Granit Plav\u00ebs. Ai tha se ka pasur tentativ\u00eb p\u00ebr ta dhunuar n\u00eb burg, por nuk ka ndodhur sepse ka nd\u00ebrhyr\u00eb siguria.<\/p>\n<p>\u201cKa pasur nj\u00eb ngjarje n\u00eb burgun e Kosov\u00ebs, ndaj Granit Plav\u00ebs ka pasur tentativa p\u00ebr ta rrahur por ka pasur nd\u00ebrhyrje dhe nuk \u00ebsht\u00eb dhunuar. Drejtori i Burgjeve t\u00eb Kosov\u00ebs tha se ka pasur tentativa, por \u00ebsht\u00eb ndaluar nga siguria\u201d, tha Igli \u00c7elmeta.<\/p>\n","protected":false},"excerpt":{"rendered":"<p>Gazetari Igli \u00c7elmeta ka zbuluar detaje t\u00eb reja n\u00eb lidhje me hetimet p\u00ebr vrasjen e&#8230;<\/p>\n","protected":false},"author":1,"featured_media":0,"comment_status":"open","ping_status":"open","sticky":false,"template":"","format":"standard","meta":{"om_disable_all_campaigns":false,"_monsterinsights_skip_tracking":false,"_monsterinsights_sitenote_active":false,"_monsterinsights_sitenote_note":"","_monsterinsights_sitenote_category":0,"_uf_show_specific_survey":0,"_uf_disable_surveys":false,"footnotes":""},"categories":[1],"tags":[],"class_list":["post-6004","post","type-post","status-publish","format-standard","hentry","category-uncategorized"],"aioseo_notices":[],"views":33,"_links":{"self":[{"href":"https:\/\/used82.com\/index.php?rest_route=\/wp\/v2\/posts\/6004","targetHints":{"allow":["GET"]}}],"collection":[{"href":"https:\/\/used82.com\/index.php?rest_route=\/wp\/v2\/posts"}],"about":[{"href":"https:\/\/used82.com\/index.php?rest_route=\/wp\/v2\/types\/post"}],"author":[{"embeddable":true,"href":"https:\/\/used82.com\/index.php?rest_route=\/wp\/v2\/users\/1"}],"replies":[{"embeddable":true,"href":"https:\/\/used82.com\/index.php?rest_route=%2Fwp%2Fv2%2Fcomments&post=6004"}],"version-history":[{"count":0,"href":"https:\/\/used82.com\/index.php?rest_route=\/wp\/v2\/posts\/6004\/revisions"}],"wp:attachment":[{"href":"https:\/\/used82.com\/index.php?rest_route=%2Fwp%2Fv2%2Fmedia&parent=6004"}],"wp:term":[{"taxonomy":"category","embeddable":true,"href":"https:\/\/used82.com\/index.php?rest_route=%2Fwp%2Fv2%2Fcategories&post=6004"},{"taxonomy":"post_tag","embeddable":true,"href":"https:\/\/used82.com\/index.php?rest_route=%2Fwp%2Fv2%2Ftags&post=6004"}],"curies":[{"name":"wp","href":"https:\/\/api.w.org\/{rel}","templated":true}]}}