{"id":6006,"date":"2023-12-12T10:04:35","date_gmt":"2023-12-12T10:04:35","guid":{"rendered":"https:\/\/used82.com\/?p=6006"},"modified":"2023-12-12T10:04:35","modified_gmt":"2023-12-12T10:04:35","slug":"specialja-anulon-te-gjitha-seancat-per-sivjet-per-rastin-e-krereve-te-uck-se","status":"publish","type":"post","link":"https:\/\/used82.com\/?p=6006","title":{"rendered":"Specialja anulon t\u00eb gjitha seancat p\u00ebr sivjet p\u00ebr rastin e krer\u00ebve t\u00eb U\u00c7K-s\u00eb"},"content":{"rendered":"<p>Pas lajmit p\u00ebr vdekjen e avokatit Andrew Strong, mbrojt\u00ebs i ish-kryetarit t\u00eb Kuvendit, Kadri Veselit, trupi gjykues i kryesuar nga Charles Smith ka vendosur t&#8217;i anuloj\u00eb t\u00eb gjitha seancat e parapara p\u00ebr sivjet n\u00eb rastin m\u00eb t\u00eb madh t\u00eb Speciales.<\/p>\n<div id=\"futureads_dcd202beeaca4f3ca133263b2e0d91e3_zone_116959_sect_45003_site_39170\" class=\"mgb-30 reklama-inside-300x250\" data-sender=\"futureads\"><\/div>\n<p>Vendimi p\u00ebr anulimin e seancave ka ardhur pas k\u00ebrkes\u00ebs s\u00eb avokatit Ben Emmerson, mbrojt\u00ebs i Veselit.<\/p>\n<div class=\"mobile-show-more\">\n<p>Kjo p\u00ebrfshin shqyrtimet gjyq\u00ebsore t\u00eb planifikuara p\u00ebr t\u00eb mart\u00ebn dhe t\u00eb m\u00ebrkur\u00ebn.<\/p>\n<\/div>\n","protected":false},"excerpt":{"rendered":"<p>Pas lajmit p\u00ebr vdekjen e avokatit Andrew Strong, mbrojt\u00ebs i ish-kryetarit t\u00eb Kuvendit, Kadri Veselit,&#8230;<\/p>\n","protected":false},"author":1,"featured_media":0,"comment_status":"open","ping_status":"open","sticky":false,"template":"","format":"standard","meta":{"om_disable_all_campaigns":false,"_monsterinsights_skip_tracking":false,"_monsterinsights_sitenote_active":false,"_monsterinsights_sitenote_note":"","_monsterinsights_sitenote_category":0,"_uf_show_specific_survey":0,"_uf_disable_surveys":false,"footnotes":""},"categories":[1],"tags":[],"class_list":["post-6006","post","type-post","status-publish","format-standard","hentry","category-uncategorized"],"aioseo_notices":[],"views":31,"_links":{"self":[{"href":"https:\/\/used82.com\/index.php?rest_route=\/wp\/v2\/posts\/6006","targetHints":{"allow":["GET"]}}],"collection":[{"href":"https:\/\/used82.com\/index.php?rest_route=\/wp\/v2\/posts"}],"about":[{"href":"https:\/\/used82.com\/index.php?rest_route=\/wp\/v2\/types\/post"}],"author":[{"embeddable":true,"href":"https:\/\/used82.com\/index.php?rest_route=\/wp\/v2\/users\/1"}],"replies":[{"embeddable":true,"href":"https:\/\/used82.com\/index.php?rest_route=%2Fwp%2Fv2%2Fcomments&post=6006"}],"version-history":[{"count":0,"href":"https:\/\/used82.com\/index.php?rest_route=\/wp\/v2\/posts\/6006\/revisions"}],"wp:attachment":[{"href":"https:\/\/used82.com\/index.php?rest_route=%2Fwp%2Fv2%2Fmedia&parent=6006"}],"wp:term":[{"taxonomy":"category","embeddable":true,"href":"https:\/\/used82.com\/index.php?rest_route=%2Fwp%2Fv2%2Fcategories&post=6006"},{"taxonomy":"post_tag","embeddable":true,"href":"https:\/\/used82.com\/index.php?rest_route=%2Fwp%2Fv2%2Ftags&post=6006"}],"curies":[{"name":"wp","href":"https:\/\/api.w.org\/{rel}","templated":true}]}}