{"id":6010,"date":"2023-12-12T16:42:10","date_gmt":"2023-12-12T16:42:10","guid":{"rendered":"https:\/\/used82.com\/?p=6010"},"modified":"2023-12-12T16:42:10","modified_gmt":"2023-12-12T16:42:10","slug":"e-rende-18-vjecari-qe-vdiq-ne-vendin-e-punes-dyshohet-se-pesoi-sulm-kardiak-ishte-djali-i-veteranit","status":"publish","type":"post","link":"https:\/\/used82.com\/?p=6010","title":{"rendered":"E r\u00ebnd\u00eb: 18-vje\u00e7ari q\u00eb vdiq n\u00eb vendin e pun\u00ebs dyshohet se p\u00ebsoi sulm kardiak \u2013 ishte djali i veteranit"},"content":{"rendered":"<p>Nj\u00eb ngjarje e r\u00ebnd\u00eb ka ndodhur dje p\u00ebr familjen Hyseni nga fshatin Nikadin t\u00eb Ferizajt, pasi si\u00e7 m\u00ebsoi Sinjali, djali i tyre, 18-vje\u00e7ar u nda nga jeta n\u00eb vendin e tij t\u00eb pun\u00ebs. I ndjeri ishte pun\u00ebtor i kompanis\u00eb Sela Impex, e cila e ka baz\u00ebn n\u00eb Nikadin t\u00eb Ferizajt.<\/p>\n<div class=\"ai-viewport-3\" data-insertion-position=\"prepend\" data-selector=\".ai-insert-1-64064726\" data-insertion-no-dbg=\"\" data-code=\"PGRpdiBjbGFzcz0nY29kZS1ibG9jayBjb2RlLWJsb2NrLTEnIHN0eWxlPSdtYXJnaW46IDhweCAwOyBjbGVhcjogYm90aDsnPgo8Y2VudGVyPiAKPCEtLSBQQSBBZCBUYWcgLSBrb3JyZXNwb2RlbnRpLmNvbV9yb3NfMzAweDI1MCA8LSBETyBOT1QgTU9ESUZZIC0tPgo8c2NyaXB0IHNyYz0iLy9hZHMucHJvamVjdGFnb3Jhc2VydmljZXMuY29tLz9pZD0yMzcyNiIgdHlwZT0idGV4dC9qYXZhc2NyaXB0Ij48L3NjcmlwdD4KPCEtLSBFbmQgUEEgQWQgVGFnIC0tPgo8L2NlbnRlcj48L2Rpdj4K\" data-block=\"1\">\n<div class=\"code-block code-block-1\"><\/div>\n<\/div>\n<p>Sipas burimeve t\u00eb Gazet\u00ebs Sinjali, i riu n\u00eb Emergjenc\u00ebs \u00ebsht\u00eb d\u00ebrguar pa shenja jete. Aty mjeku kujdestar u konstatua p\u00ebr vdekjen e tij.<\/p>\n<div class=\"code-block code-block-3\"><\/div>\n<div class=\"ai-viewport-3\" data-insertion-position=\"prepend\" data-selector=\".ai-insert-2-88095712\" data-insertion-no-dbg=\"\" data-code=\"PGRpdiBjbGFzcz0nY29kZS1ibG9jayBjb2RlLWJsb2NrLTInIHN0eWxlPSdtYXJnaW46IDhweCAwOyBjbGVhcjogYm90aDsnPgo8IS0tIENvbXBvc2l0ZSBTdGFydCAtLT4KPGRpdiBpZD0iTTUzMTg5OVNjcmlwdFJvb3RDMTUzODA4NiI+PC9kaXY+CjxzY3JpcHQgc3JjPSJodHRwczovL2pzYy5tZ2lkLmNvbS9rL28va29ycmVzcG9kZW50aS5jb20uMTUzODA4Ni5qcyIgYXN5bmM+PC9zY3JpcHQ+CjwhLS0gQ29tcG9zaXRlIEVuZCAtLT48L2Rpdj4K\" data-block=\"2\">\n<div class=\"code-block code-block-2\"><\/div>\n<\/div>\n<p>Teksa si\u00e7 b\u00ebjn\u00eb t\u00eb ditur familjar\u00ebt e viktim\u00ebs, i riu Shpresim Hysenaj p\u00ebsoi sulm kardiak. I nj\u00ebjti ishte edhe djali i veteranit t\u00eb U\u00c7K-s\u00eb, Bekim Hysenaj.<\/p>\n<p>Rastin e ka konfirmuar dje edhe Policia n\u00eb Ferizaj.<\/p>\n<div class=\"code-block code-block-4\"><\/div>\n<div class=\"ai-viewport-3\" data-insertion-position=\"prepend\" data-selector=\".ai-insert-4-39271872\" data-insertion-no-dbg=\"\" data-code=\"PGRpdiBjbGFzcz0nY29kZS1ibG9jayBjb2RlLWJsb2NrLTQnIHN0eWxlPSdtYXJnaW46IDhweCAwOyBjbGVhcjogYm90aDsnPgo8Y2VudGVyPiAKPCEtLSBQQSBBZCBUYWcgLSBrb3JyZXNwb2RlbnRpLmNvbV9yb3NfMzAweDI1MCA8LSBETyBOT1QgTU9ESUZZIC0tPgo8c2NyaXB0IHNyYz0iLy9hZHMucHJvamVjdGFnb3Jhc2VydmljZXMuY29tLz9pZD0yMzcyNiIgdHlwZT0idGV4dC9qYXZhc2NyaXB0Ij48L3NjcmlwdD4KPCEtLSBFbmQgUEEgQWQgVGFnIC0tPgo8L2NlbnRlcj48L2Rpdj4K\" data-block=\"4\">\n<div class=\"code-block code-block-4\"><\/div>\n<\/div>\n<p>\u201cSot, rreth or\u00ebs 15:30 nga Qendra Emergjente n\u00eb Ferizaj jemi njoftuar se nj\u00eb person, mashkull i mosh\u00ebs rreth 18 vje\u00e7ar \u00ebsht\u00eb sjellur pa shenja jete\u201d, ishte njoftimi i djesh\u00ebm i Policis\u00eb.<\/p>\n<div class=\"code-block code-block-5\"><\/div>\n<div class=\"ai-viewport-3\" data-insertion-position=\"prepend\" data-selector=\".ai-insert-6-45488264\" data-insertion-no-dbg=\"\" data-code=\"PGRpdiBjbGFzcz0nY29kZS1ibG9jayBjb2RlLWJsb2NrLTYnIHN0eWxlPSdtYXJnaW46IDhweCAwOyBjbGVhcjogYm90aDsnPgo8IS0tIENvbXBvc2l0ZSBTdGFydCAtLT4KPGRpdiBpZD0iTTUzMTg5OVNjcmlwdFJvb3RDMTUzNzM2OCI+PC9kaXY+CjxzY3JpcHQgc3JjPSJodHRwczovL2pzYy5tZ2lkLmNvbS9rL28va29ycmVzcG9kZW50aS5jb20uMTUzNzM2OC5qcyIgYXN5bmM+PC9zY3JpcHQ+CjwhLS0gQ29tcG9zaXRlIEVuZCAtLT48L2Rpdj4K\" data-block=\"6\">\n<div class=\"code-block code-block-6\"><\/div>\n<\/div>\n<p>\u201cEkipe t\u00eb policis\u00eb kan\u00eb dal\u00eb menj\u00ebher\u00eb n\u00eb vendin e ngjarjes dhe kan\u00eb m\u00ebsuar se viktima dyshohet se kishte nd\u00ebrruar jet\u00eb n\u00eb vendin e pun\u00ebs n\u00eb nj\u00eb fabrik\u00eb n\u00eb fshatin Nikadin t\u00eb Ferizajt\u201d.<\/p>\n<div class=\"ai-viewport-3\" data-insertion-position=\"prepend\" data-selector=\".ai-insert-7-91451815\" data-insertion-no-dbg=\"\" data-code=\"PGRpdiBjbGFzcz0nY29kZS1ibG9jayBjb2RlLWJsb2NrLTcnIHN0eWxlPSdtYXJnaW46IDhweCAwOyBjbGVhcjogYm90aDsnPgo8Y2VudGVyPiAKPCEtLSBQQSBBZCBUYWcgLSBrb3JyZXNwb2RlbnRpLmNvbV9yb3NfMzAweDI1MCA8LSBETyBOT1QgTU9ESUZZIC0tPgo8c2NyaXB0IHNyYz0iLy9hZHMucHJvamVjdGFnb3Jhc2VydmljZXMuY29tLz9pZD0yMzcyNiIgdHlwZT0idGV4dC9qYXZhc2NyaXB0Ij48L3NjcmlwdD4KPCEtLSBFbmQgUEEgQWQgVGFnIC0tPgo8L2NlbnRlcj48L2Rpdj4K\" data-block=\"7\">\n<div class=\"code-block code-block-7\"><\/div>\n<\/div>\n<p>\u201cSipas mjek\u00ebve kujdestar dyshohet p\u00ebr vdekje natyrore\u201d, thuhet n\u00eb njoftimin e Policis\u00eb p\u00ebr Gazet\u00ebn Sinjali.<\/p>\n<div class=\"code-block code-block-7\"><\/div>\n<div class=\"ai-viewport-3\" data-insertion-position=\"prepend\" data-selector=\".ai-insert-8-60203635\" data-insertion-no-dbg=\"\" data-code=\"PGRpdiBjbGFzcz0nY29kZS1ibG9jayBjb2RlLWJsb2NrLTgnIHN0eWxlPSdtYXJnaW46IDhweCAwOyBjbGVhcjogYm90aDsnPgo8IS0tIENvbXBvc2l0ZSBTdGFydCAtLT4KPGRpdiBpZD0iTTUzMTg5OVNjcmlwdFJvb3RDMTUzODA4MiI+PC9kaXY+CjxzY3JpcHQgc3JjPSJodHRwczovL2pzYy5tZ2lkLmNvbS9rL28va29ycmVzcG9kZW50aS5jb20uMTUzODA4Mi5qcyIgYXN5bmM+PC9zY3JpcHQ+CjwhLS0gQ29tcG9zaXRlIEVuZCAtLT48L2Rpdj4K\" data-block=\"8\">\n<div class=\"code-block code-block-8\"><\/div>\n<\/div>\n<p>Gazeta Sinjali e ka kontaktuar edhe kompanin\u00eb ferizajase t\u00eb prodhimit t\u00eb mobiljeve \u2013 nga aty nuk kan\u00eb pranuar tash p\u00ebr tash t\u00eb flasin p\u00ebr rastin duke th\u00ebn\u00eb se \u201cjan\u00eb t\u00eb shqet\u00ebsuar\u201d.<\/p>\n<div class=\"code-block code-block-9\"><\/div>\n<p>N\u00eb lidhje me k\u00ebt\u00eb \u00ebsht\u00eb njoftuar edhe prokurori kujdestar nga Prokuroria Themelore e Ferizajt, i cili rastin e ka cil\u00ebsuar si \u201cvdekje e dyshimt\u201d.<\/p>\n","protected":false},"excerpt":{"rendered":"<p>Nj\u00eb ngjarje e r\u00ebnd\u00eb ka ndodhur dje p\u00ebr familjen Hyseni nga fshatin Nikadin t\u00eb Ferizajt,&#8230;<\/p>\n","protected":false},"author":1,"featured_media":0,"comment_status":"open","ping_status":"open","sticky":false,"template":"","format":"standard","meta":{"om_disable_all_campaigns":false,"_monsterinsights_skip_tracking":false,"_monsterinsights_sitenote_active":false,"_monsterinsights_sitenote_note":"","_monsterinsights_sitenote_category":0,"_uf_show_specific_survey":0,"_uf_disable_surveys":false,"footnotes":""},"categories":[1],"tags":[],"class_list":["post-6010","post","type-post","status-publish","format-standard","hentry","category-uncategorized"],"aioseo_notices":[],"views":25,"_links":{"self":[{"href":"https:\/\/used82.com\/index.php?rest_route=\/wp\/v2\/posts\/6010","targetHints":{"allow":["GET"]}}],"collection":[{"href":"https:\/\/used82.com\/index.php?rest_route=\/wp\/v2\/posts"}],"about":[{"href":"https:\/\/used82.com\/index.php?rest_route=\/wp\/v2\/types\/post"}],"author":[{"embeddable":true,"href":"https:\/\/used82.com\/index.php?rest_route=\/wp\/v2\/users\/1"}],"replies":[{"embeddable":true,"href":"https:\/\/used82.com\/index.php?rest_route=%2Fwp%2Fv2%2Fcomments&post=6010"}],"version-history":[{"count":0,"href":"https:\/\/used82.com\/index.php?rest_route=\/wp\/v2\/posts\/6010\/revisions"}],"wp:attachment":[{"href":"https:\/\/used82.com\/index.php?rest_route=%2Fwp%2Fv2%2Fmedia&parent=6010"}],"wp:term":[{"taxonomy":"category","embeddable":true,"href":"https:\/\/used82.com\/index.php?rest_route=%2Fwp%2Fv2%2Fcategories&post=6010"},{"taxonomy":"post_tag","embeddable":true,"href":"https:\/\/used82.com\/index.php?rest_route=%2Fwp%2Fv2%2Ftags&post=6010"}],"curies":[{"name":"wp","href":"https:\/\/api.w.org\/{rel}","templated":true}]}}