{"id":6012,"date":"2023-12-12T16:43:40","date_gmt":"2023-12-12T16:43:40","guid":{"rendered":"https:\/\/used82.com\/?p=6012"},"modified":"2023-12-12T16:43:40","modified_gmt":"2023-12-12T16:43:40","slug":"labi-reagon-pas-vrasjes-se-liridona-ademajt-nuk-njolloset-figura-e-behgjet-pacollit-vec-pse-do-dikush","status":"publish","type":"post","link":"https:\/\/used82.com\/?p=6012","title":{"rendered":"Labi reagon pas vrasjes s\u00eb Liridona Ademajt: Nuk njolloset figura e Behgjet Pacollit ve\u00e7 pse do dikush"},"content":{"rendered":"<p><strong>K\u00ebng\u00ebtari Labinot Tahiri ka shprehur ngush\u00ebllime p\u00ebr vrasjen e Liridona Ademajt.<\/strong><\/p>\n<p>Ai ka th\u00ebn\u00eb se figura e Behgjet Pacollit nuk njolloset ve\u00e7 pse do dikush.<\/p>\n<p>\u201cNgush\u00ebllime popullit shqiptar dhe familjes se Liridones p\u00ebr vdekjen e Liridones, ama figura e Behgjet Pacollit nuk njelloset veq q\u00eb disa duan ta njellosin\u201d, ka shkruar Labinot Tahiri.<\/p>\n<p>Ai ka th\u00ebn\u00eb se ky rast duhet t\u00eb lihet n\u00eb dor\u00eb t\u00eb policis\u00eb e prokuroris\u00eb.<\/p>\n<div class=\"code-block code-block-4\"><\/div>\n<p>\u201cMbajeni mend q\u00eb nes\u00ebr mund t\u00eb na ndodh edhe neve neper familjet tona! Nuk jem ka e dim a jemi ne si qytetar: avokat, prokuror, hetues a \u00e7ka jemi! Ngadale, lerjauni ne dor\u00eb k\u00ebt\u00eb rast policis\u00eb se shtetit dhe prokuroris\u00eb e te ndalemi ne se e shkatrruam shoqerin\u00eb shqiptare me lajme te rend!\u201d, ka shkruar ai.<\/p>\n","protected":false},"excerpt":{"rendered":"<p>K\u00ebng\u00ebtari Labinot Tahiri ka shprehur ngush\u00ebllime p\u00ebr vrasjen e Liridona Ademajt. Ai ka th\u00ebn\u00eb se&#8230;<\/p>\n","protected":false},"author":1,"featured_media":0,"comment_status":"open","ping_status":"open","sticky":false,"template":"","format":"standard","meta":{"om_disable_all_campaigns":false,"_monsterinsights_skip_tracking":false,"_monsterinsights_sitenote_active":false,"_monsterinsights_sitenote_note":"","_monsterinsights_sitenote_category":0,"_uf_show_specific_survey":0,"_uf_disable_surveys":false,"footnotes":""},"categories":[1],"tags":[],"class_list":["post-6012","post","type-post","status-publish","format-standard","hentry","category-uncategorized"],"aioseo_notices":[],"views":34,"_links":{"self":[{"href":"https:\/\/used82.com\/index.php?rest_route=\/wp\/v2\/posts\/6012","targetHints":{"allow":["GET"]}}],"collection":[{"href":"https:\/\/used82.com\/index.php?rest_route=\/wp\/v2\/posts"}],"about":[{"href":"https:\/\/used82.com\/index.php?rest_route=\/wp\/v2\/types\/post"}],"author":[{"embeddable":true,"href":"https:\/\/used82.com\/index.php?rest_route=\/wp\/v2\/users\/1"}],"replies":[{"embeddable":true,"href":"https:\/\/used82.com\/index.php?rest_route=%2Fwp%2Fv2%2Fcomments&post=6012"}],"version-history":[{"count":0,"href":"https:\/\/used82.com\/index.php?rest_route=\/wp\/v2\/posts\/6012\/revisions"}],"wp:attachment":[{"href":"https:\/\/used82.com\/index.php?rest_route=%2Fwp%2Fv2%2Fmedia&parent=6012"}],"wp:term":[{"taxonomy":"category","embeddable":true,"href":"https:\/\/used82.com\/index.php?rest_route=%2Fwp%2Fv2%2Fcategories&post=6012"},{"taxonomy":"post_tag","embeddable":true,"href":"https:\/\/used82.com\/index.php?rest_route=%2Fwp%2Fv2%2Ftags&post=6012"}],"curies":[{"name":"wp","href":"https:\/\/api.w.org\/{rel}","templated":true}]}}