{"id":6014,"date":"2023-12-12T16:45:36","date_gmt":"2023-12-12T16:45:36","guid":{"rendered":"https:\/\/used82.com\/?p=6014"},"modified":"2023-12-12T16:45:36","modified_gmt":"2023-12-12T16:45:36","slug":"motra-e-liridona-ademajt-flet-per-here-te-pare-publikisht-rreth-vrasjes","status":"publish","type":"post","link":"https:\/\/used82.com\/?p=6014","title":{"rendered":"Motra e Liridona Ademajt flet p\u00ebr her\u00eb te par\u00eb publikisht rreth vrasjes"},"content":{"rendered":"<p>Vrasja e Liridona Admeajt mbetet e rrethuar nga misteri, teksa bashk\u00ebshorti i saj Naim Murseli akuzohet si organizatoi i krimit.<\/p>\n<div class=\"des-adv\"><\/div>\n<p>Motra e t\u00eb ndjer\u00ebs, n\u00eb nj\u00eb deklarim n\u00eb News 24, ka deklaruar se nuk di asnj\u00eb sekret p\u00ebr \u00e7iftin, e po ashtu se motra e saj nuk i kishte folur p\u00ebr ndonj\u00eb problem q\u00eb ajo kishte me Naimin. Ajo e p\u00ebrshkroi Naim Murselin si nj\u00eb njeri t\u00eb mbyllur e jo shum\u00eb social, por q\u00eb me familjen sillej shum\u00eb mir\u00eb.<\/p>\n<div class=\"code-block code-block-3\"><\/div>\n<div class=\"des-adv shteti\"><\/div>\n<p>Po ashtu, e reja theksoi se asnj\u00eb familjar i saji nuk ka k\u00ebrc\u00ebnuar Shaban Murselin, me gjakmarrje p\u00ebr vrasjen e Liridon\u00ebs.<\/p>\n<p>\u201cUn\u00eb di vet\u00ebm q\u00eb ka pasur jet\u00eb t\u00eb lumtur, ajo ka pasur nj\u00eb jet\u00eb t\u00eb mir\u00eb me Naimin. Na kan\u00eb th\u00ebn\u00eb t\u00eb gjith\u00eb p\u00ebr k\u00ebto q\u00eb p\u00ebrfliten, ne nuk kemi asnj\u00eb sekret. Ne i kemi d\u00ebgjuar tani von\u00eb fjal\u00ebt se ai mund ta tradhtonte por nuk e dim\u00eb a \u00ebsht\u00eb e v\u00ebrtet\u00eb. Ajo ishte njeri i mbyllur por ajo nuk na ka treguar asgj\u00eb ne si familjar\u00eb, as mua personalisht. T\u00eb gjith\u00eb kemi debate me burrat, por kjo \u00ebsht\u00eb tem\u00eb tjet\u00ebr. Ajo gjithmon\u00eb fliste n\u00eb pranin\u00eb ton\u00eb me t\u00eb. Ata nuk kan\u00eb pasur ansj\u00eb debat t\u00eb r\u00ebnd\u00eb q\u00eb t\u00eb t\u00eb b\u00ebnte me dyshime se mund t\u00eb ndodhte di\u00e7ka e r\u00ebnd\u00eb. Ata s\u2019kan\u00eb pasur asnj\u00eb debat me Shaban Murselin, pra babain e Naimit. Asnj\u00ebher\u00eb nuk i ka p\u00ebrz\u00ebn\u00eb nga sht\u00ebpia.<\/p>\n<div class=\"code-block code-block-4\"><\/div>\n<p>Ne ja kemi l\u00ebn\u00eb n\u00eb dor\u00eb drejt\u00ebsis\u00eb, nuk kemi d\u00ebrguar fjal\u00eb as p\u00ebr bes\u00eb. Emrat e p\u00ebrmendur jan\u00eb t\u00eb af\u00ebrmit tan\u00eb, k\u00ebto jan\u00eb thjesht g\u00ebnjeshtra, duan t\u00eb na fusin n\u00eb kurth. Ne ia kemi l\u00ebn\u00eb drejt\u00ebsis\u00eb. Xhaviti dhe Dervishi na kan\u00eb th\u00ebn\u00eb q\u00eb t\u00eb gjith\u00eb bashk\u00eb do e kalojm\u00eb k\u00ebt\u00eb, nuk kan\u00eb b\u00ebr\u00eb as k\u00ebrc\u00ebnime asgj\u00eb. Asnj\u00eb gj\u00eb nga ato q\u00eb thuhen nuk \u00ebsht\u00eb v\u00ebrtet\u00eb as sekrete as lidhjet intime. Ai ishte kunati im, kemi pasur marr\u00ebdh\u00ebnie normale. Liridona dhe Naimi jetonin ve\u00e7 Shabanit n\u00eb Suedi. T\u00eb gjitha k\u00ebto d\u00ebshmi jan\u00eb t\u00eb rreme \u00e7far\u00eb po thuhen.<\/p>\n<div class=\"code-block code-block-5\"><\/div>\n<div class=\"des-adv shteti\"><\/div>\n<p>Me f\u00ebmij\u00ebt e Liridon\u00ebs nuk jemi takuar fare ne. Nuk e di por nuk kemi pasur fare mund\u00ebsi, ata jan\u00eb larguar. Naimi ka qen\u00eb njeri i mbyllur m\u00eb par\u00eb. Nuk \u00ebsht\u00eb se ka pasur shum\u00eb miq\u00ebsi. Ai sillej shum\u00eb mir\u00eb me ne, me gjith\u00eb familjen. Nuk ka pasur xhelozi p\u00ebr nj\u00ebri-tjetrin, kan\u00eb qen\u00eb t\u00eb lumtur. Nuk e dim\u00eb pse Liridona q\u00ebndroi shum\u00eb dit\u00eb s\u00eb fundmi tek ne. Por ajo ka pasur sht\u00ebpin\u00eb e re n\u00eb Kosov\u00eb pa mobilje fare dhe prandaj q\u00ebndroi tek ne\u201d, tha ajo.<\/p>\n","protected":false},"excerpt":{"rendered":"<p>Vrasja e Liridona Admeajt mbetet e rrethuar nga misteri, teksa bashk\u00ebshorti i saj Naim Murseli&#8230;<\/p>\n","protected":false},"author":1,"featured_media":0,"comment_status":"open","ping_status":"open","sticky":false,"template":"","format":"standard","meta":{"om_disable_all_campaigns":false,"_monsterinsights_skip_tracking":false,"_monsterinsights_sitenote_active":false,"_monsterinsights_sitenote_note":"","_monsterinsights_sitenote_category":0,"_uf_show_specific_survey":0,"_uf_disable_surveys":false,"footnotes":""},"categories":[1],"tags":[],"class_list":["post-6014","post","type-post","status-publish","format-standard","hentry","category-uncategorized"],"aioseo_notices":[],"views":24,"_links":{"self":[{"href":"https:\/\/used82.com\/index.php?rest_route=\/wp\/v2\/posts\/6014","targetHints":{"allow":["GET"]}}],"collection":[{"href":"https:\/\/used82.com\/index.php?rest_route=\/wp\/v2\/posts"}],"about":[{"href":"https:\/\/used82.com\/index.php?rest_route=\/wp\/v2\/types\/post"}],"author":[{"embeddable":true,"href":"https:\/\/used82.com\/index.php?rest_route=\/wp\/v2\/users\/1"}],"replies":[{"embeddable":true,"href":"https:\/\/used82.com\/index.php?rest_route=%2Fwp%2Fv2%2Fcomments&post=6014"}],"version-history":[{"count":0,"href":"https:\/\/used82.com\/index.php?rest_route=\/wp\/v2\/posts\/6014\/revisions"}],"wp:attachment":[{"href":"https:\/\/used82.com\/index.php?rest_route=%2Fwp%2Fv2%2Fmedia&parent=6014"}],"wp:term":[{"taxonomy":"category","embeddable":true,"href":"https:\/\/used82.com\/index.php?rest_route=%2Fwp%2Fv2%2Fcategories&post=6014"},{"taxonomy":"post_tag","embeddable":true,"href":"https:\/\/used82.com\/index.php?rest_route=%2Fwp%2Fv2%2Ftags&post=6014"}],"curies":[{"name":"wp","href":"https:\/\/api.w.org\/{rel}","templated":true}]}}