{"id":6022,"date":"2023-12-12T16:53:27","date_gmt":"2023-12-12T16:53:27","guid":{"rendered":"https:\/\/used82.com\/?p=6022"},"modified":"2023-12-12T16:53:27","modified_gmt":"2023-12-12T16:53:27","slug":"luizi-e-tepron-me-komente-ndaj-kiares-ja-cfare-shkruajti-ne-te-fundit","status":"publish","type":"post","link":"https:\/\/used82.com\/?p=6022","title":{"rendered":"Luizi e tepron me komente ndaj Kiar\u00ebs, ja \u00e7far\u00eb shkruajti n\u00eb t\u00eb fundit"},"content":{"rendered":"<article id=\"post-12972\" class=\"post-12972 post type-post status-publish format-standard has-post-thumbnail hentry category-uncategorized\">\n<div class=\"entry-content\">\n<p>Luizi nuk kursehet me komente ndaj Kiar\u00ebs, ja komenti i fundit.<\/p>\n<div id=\"tiran-bae65a4acad93a1e7e046213fe150f08\" class=\"tiran-bae65a4acad93a1e7e046213fe150f08 tiran-mob\">\n<p>Si\u00e7 ndodh n\u00eb \u00e7do p\u00ebrfundim puntate, edhe pasditen e djeshme Kiara Tito ka ndar\u00eb me ndjek\u00ebsit n\u00eb Instagram disa foto me \u201clook-un\u201d e saj n\u00eb \u201cFan Club\u201d.<\/p>\n<div class=\"code-block code-block-3\"><\/div>\n<div id=\"tiran-944b52365b31050222d18add8f508572\" class=\"tiran-944b52365b31050222d18add8f508572 tiran-content_2\"><\/div>\n<p>Moderatorja dit\u00ebn e djeshme zgjodhi nj\u00eb fustan kaf t\u00eb gjat\u00eb q\u00eb i theksonte barkun e rrumbullakosur. Si gjithmon\u00eb nuk mungoi nj\u00eb koment nga Luiz Ejlli, i cili t\u00ebrhoqi gjith\u00eb v\u00ebmendjen.<\/p>\n<p>\u201cKuptimin e pozicionit t\u00eb dor\u00ebs s\u00eb majt\u00eb af\u00ebr mjekr\u00ebs, nuk e mora vesh kurr\u00eb\u201d, i ka shkruar artisti posht\u00eb fotos.<\/p>\n<div class=\"code-block code-block-4\"><\/div>\n<div id=\"tiran-5ebe4e00ebf09f60bad0f7baac50d026\" class=\"tiran-5ebe4e00ebf09f60bad0f7baac50d026 tiran-content\"><\/div>\n<p>Kuptohet q\u00eb komentet e k\u00ebng\u00ebtarit jan\u00eb n\u00eb kontekstin e shakas\u00eb.<\/p>\n<div class=\"code-block code-block-5\"><\/div>\n<div id=\"tiran-430cdfeda8e3971237039997c331f44a\" class=\"tiran-430cdfeda8e3971237039997c331f44a tiran-content_4\"><\/div>\n<p>Nd\u00ebrkoh\u00eb kujtojm\u00eb se \u00e7ifti i njohur s\u00eb shpejti do t\u00eb b\u00ebhet prind\u00ebr p\u00ebr her\u00eb t\u00eb par\u00eb. Kiara dhe Luizi do t\u00eb sjellin n\u00eb jet\u00eb nj\u00eb vajz\u00eb.<\/p>\n<p><img loading=\"lazy\" decoding=\"async\" class=\"wp-image-13196 alignnone size-full td-animation-stack-type0-2\" src=\"https:\/\/tiranare.com\/wp-content\/uploads\/2023\/12\/image-37-1.jpg\" alt=\"\" width=\"474\" height=\"764\" \/><\/p>\n<\/div>\n<\/div>\n<\/article>\n","protected":false},"excerpt":{"rendered":"<p>Luizi nuk kursehet me komente ndaj Kiar\u00ebs, ja komenti i fundit. Si\u00e7 ndodh n\u00eb \u00e7do&#8230;<\/p>\n","protected":false},"author":1,"featured_media":0,"comment_status":"open","ping_status":"open","sticky":false,"template":"","format":"standard","meta":{"om_disable_all_campaigns":false,"_monsterinsights_skip_tracking":false,"_monsterinsights_sitenote_active":false,"_monsterinsights_sitenote_note":"","_monsterinsights_sitenote_category":0,"_uf_show_specific_survey":0,"_uf_disable_surveys":false,"footnotes":""},"categories":[1],"tags":[],"class_list":["post-6022","post","type-post","status-publish","format-standard","hentry","category-uncategorized"],"aioseo_notices":[],"views":22,"_links":{"self":[{"href":"https:\/\/used82.com\/index.php?rest_route=\/wp\/v2\/posts\/6022","targetHints":{"allow":["GET"]}}],"collection":[{"href":"https:\/\/used82.com\/index.php?rest_route=\/wp\/v2\/posts"}],"about":[{"href":"https:\/\/used82.com\/index.php?rest_route=\/wp\/v2\/types\/post"}],"author":[{"embeddable":true,"href":"https:\/\/used82.com\/index.php?rest_route=\/wp\/v2\/users\/1"}],"replies":[{"embeddable":true,"href":"https:\/\/used82.com\/index.php?rest_route=%2Fwp%2Fv2%2Fcomments&post=6022"}],"version-history":[{"count":0,"href":"https:\/\/used82.com\/index.php?rest_route=\/wp\/v2\/posts\/6022\/revisions"}],"wp:attachment":[{"href":"https:\/\/used82.com\/index.php?rest_route=%2Fwp%2Fv2%2Fmedia&parent=6022"}],"wp:term":[{"taxonomy":"category","embeddable":true,"href":"https:\/\/used82.com\/index.php?rest_route=%2Fwp%2Fv2%2Fcategories&post=6022"},{"taxonomy":"post_tag","embeddable":true,"href":"https:\/\/used82.com\/index.php?rest_route=%2Fwp%2Fv2%2Ftags&post=6022"}],"curies":[{"name":"wp","href":"https:\/\/api.w.org\/{rel}","templated":true}]}}