{"id":6024,"date":"2023-12-12T16:55:50","date_gmt":"2023-12-12T16:55:50","guid":{"rendered":"https:\/\/used82.com\/?p=6024"},"modified":"2023-12-12T16:55:50","modified_gmt":"2023-12-12T16:55:50","slug":"zps-ja-konfirmon-dergimin-e-shales-ne-paraburgim-ne-hage","status":"publish","type":"post","link":"https:\/\/used82.com\/?p=6024","title":{"rendered":"ZPS-ja konfirmon d\u00ebrgimin e Shal\u00ebs n\u00eb paraburgim n\u00eb Hag\u00eb"},"content":{"rendered":"<p>Zyra e Prokurorit t\u00eb Specializuar ka njoftuar se ish-deputeti i Kosov\u00ebs, Haxhi Shala, \u00ebsht\u00eb arrestuar lidhur me krime kund\u00ebr administrimit t\u00eb drejt\u00ebsis\u00eb.<\/p>\n<div id=\"futureads_dcd202beeaca4f3ca133263b2e0d91e3_zone_116959_sect_45003_site_39170\" class=\"mgb-30 reklama-inside-300x250\" data-sender=\"futureads\"><\/div>\n<p>Shala \u00ebsht\u00eb intervistuar t\u00eb h\u00ebn\u00ebn n\u00eb zyrat e EULEX-it nd\u00ebrsa t\u00eb mart\u00ebn ai \u00ebsht\u00eb transferuar n\u00eb qendr\u00ebn e paraburgimit n\u00eb Hag\u00eb. Ai pritet t\u00eb dal\u00eb para gjykat\u00ebsit t\u00eb procedur\u00ebs paraprake t\u00eb Speciales.<\/p>\n<div class=\"mobile-show-more\">\n<p>\u201cFletarrestimi lidhet me krime kund\u00ebr administrimit t\u00eb drejt\u00ebsis\u00eb. Misioni i Bashkimit Evropian p\u00ebr Sundimin e Ligjit n\u00eb Kosov\u00eb (EULEX) dha mb\u00ebshtetje operative dhe logjistike p\u00ebr ZPS-n\u00eb, n\u00eb pajtim me mandatin e vet dhe sipas legjislacionit t\u00eb Kosov\u00ebs. Edhe Policia e Kosov\u00ebs dha mb\u00ebshtetje operative p\u00ebr ZPS-n\u00eb. Zyra e Prokurorit t\u00eb Specializuar e merr jasht\u00ebzakonisht seriozisht pengimin e drejt\u00ebsis\u00eb dhe do t\u00eb vazhdoj\u00eb t\u00eb hetoj\u00eb e ndjek\u00eb penalisht cilindo dhe t\u00eb gjith\u00eb ata q\u00eb p\u00ebrfshihen n\u00eb \u00e7do rast, p\u00ebrfshir\u00eb ata q\u00eb frik\u00ebsojn\u00eb apo nd\u00ebrhyjn\u00eb tek d\u00ebshmitar\u00ebt, ose ofrojn\u00eb mb\u00ebshtetje financiare apo t\u00eb ndonj\u00eb forme tjet\u00ebr p\u00ebr vepra t\u00eb tilla penale\u201d, thuhet n\u00eb njoftimin e ZPS-s\u00eb.<\/p>\n<div id=\"instream-video\" class=\"fluid-instream-video mb-4\"><\/div>\n<p>E prokurorja e specializuar Kimeberly West ka th\u00ebn\u00eb se mbrojtja e d\u00ebshmitar\u00ebve mbetet prioritet i ZPS-s\u00eb.<\/p>\n<div id=\"inarticle-video\" class=\"mgb-30 reklama-inside-300x250\"><\/div>\n<p>\u201c\u00cbsht\u00eb shum\u00eb e r\u00ebnd\u00ebsishme q\u00eb t\u00eb garantohet q\u00eb qytetar\u00ebt e Kosov\u00ebs t\u00eb flasin p\u00ebr t\u00eb th\u00ebn\u00eb t\u00eb v\u00ebrtet\u00ebn dhe pa k\u00ebrc\u00ebnime p\u00ebr p\u00ebrvojat e tyre, jo vet\u00ebm q\u00eb ky institucion t\u00eb jet\u00eb i aft\u00eb t\u00eb jap\u00eb drejt\u00ebsi por edhe p\u00ebr sundimin e ligjit n\u00eb Kosov\u00eb,\u201d tha West. \u201cZPS-ja do t\u00eb vazhdoj\u00eb t\u00eb b\u00ebj\u00eb \u00e7do gj\u00eb brenda fuqive t\u00eb saj p\u00ebr t\u00eb mbrojtur viktimat e d\u00ebshmitar\u00ebt dhe p\u00ebr t\u00eb v\u00ebn\u00eb para p\u00ebrgjegj\u00ebsis\u00eb ata q\u00eb shkelin ligjet e Kosov\u00ebs p\u00ebr interesat e tyre private.\u201d<\/p>\n<\/div>\n","protected":false},"excerpt":{"rendered":"<p>Zyra e Prokurorit t\u00eb Specializuar ka njoftuar se ish-deputeti i Kosov\u00ebs, Haxhi Shala, \u00ebsht\u00eb arrestuar&#8230;<\/p>\n","protected":false},"author":1,"featured_media":0,"comment_status":"open","ping_status":"open","sticky":false,"template":"","format":"standard","meta":{"om_disable_all_campaigns":false,"_monsterinsights_skip_tracking":false,"_monsterinsights_sitenote_active":false,"_monsterinsights_sitenote_note":"","_monsterinsights_sitenote_category":0,"_uf_show_specific_survey":0,"_uf_disable_surveys":false,"footnotes":""},"categories":[1],"tags":[],"class_list":["post-6024","post","type-post","status-publish","format-standard","hentry","category-uncategorized"],"aioseo_notices":[],"views":25,"_links":{"self":[{"href":"https:\/\/used82.com\/index.php?rest_route=\/wp\/v2\/posts\/6024","targetHints":{"allow":["GET"]}}],"collection":[{"href":"https:\/\/used82.com\/index.php?rest_route=\/wp\/v2\/posts"}],"about":[{"href":"https:\/\/used82.com\/index.php?rest_route=\/wp\/v2\/types\/post"}],"author":[{"embeddable":true,"href":"https:\/\/used82.com\/index.php?rest_route=\/wp\/v2\/users\/1"}],"replies":[{"embeddable":true,"href":"https:\/\/used82.com\/index.php?rest_route=%2Fwp%2Fv2%2Fcomments&post=6024"}],"version-history":[{"count":0,"href":"https:\/\/used82.com\/index.php?rest_route=\/wp\/v2\/posts\/6024\/revisions"}],"wp:attachment":[{"href":"https:\/\/used82.com\/index.php?rest_route=%2Fwp%2Fv2%2Fmedia&parent=6024"}],"wp:term":[{"taxonomy":"category","embeddable":true,"href":"https:\/\/used82.com\/index.php?rest_route=%2Fwp%2Fv2%2Fcategories&post=6024"},{"taxonomy":"post_tag","embeddable":true,"href":"https:\/\/used82.com\/index.php?rest_route=%2Fwp%2Fv2%2Ftags&post=6024"}],"curies":[{"name":"wp","href":"https:\/\/api.w.org\/{rel}","templated":true}]}}