{"id":6026,"date":"2023-12-12T16:57:19","date_gmt":"2023-12-12T16:57:19","guid":{"rendered":"https:\/\/used82.com\/?p=6026"},"modified":"2023-12-12T16:57:19","modified_gmt":"2023-12-12T16:57:19","slug":"jovanoviq-e-raciq-akuzohen-per-krime-lufte-themelorja-u-kerkon-te-dorezohen","status":"publish","type":"post","link":"https:\/\/used82.com\/?p=6026","title":{"rendered":"Jovanoviq e Ra\u00e7iq akuzohen p\u00ebr krime lufte, Themelorja u k\u00ebrkon t\u00eb dor\u00ebzohen"},"content":{"rendered":"<p>Gjykata Themelore n\u00eb Prishtin\u00eb i ka ftuar t\u00eb paraqiten n\u00eb seanc\u00eb gjyq\u00ebsore Millan Jovanoviq dhe Dejan Ra\u00e7iq, t\u00eb akuzuar p\u00ebr krime lufte kund\u00ebr popullsis\u00eb civile n\u00eb Kosov\u00eb.<\/p>\n<div id=\"futureads_dcd202beeaca4f3ca133263b2e0d91e3_zone_116959_sect_45003_site_39170\" class=\"mgb-30 reklama-inside-300x250\" data-sender=\"futureads\"><\/div>\n<p>Sipas njoftimit t\u00eb s\u00eb mart\u00ebs, Jovanoviq, i lindur n\u00eb Ferizaj me nacionalitet serb, e tash me vendbanim t\u00eb panjohur, akuzohet se me persona t\u00eb tjer\u00eb t\u00eb panjohur, t\u00eb uniformuar dhe t\u00eb armatosur, kan\u00eb kryer krime lufte ndaj popullsis\u00eb civile.<\/p>\n<div class=\"mobile-show-more\">\n<p>Themelorja ka shtuar se Jovanoviq duhet t\u00eb paraqitet sa m\u00eb par\u00eb pran\u00eb k\u00ebsaj gjykate, q\u00eb kjo \u00e7\u00ebshtje penale \u201ct\u00eb zhvillohet me prezenc\u00ebn e tij n\u00eb seanc\u00ebn e caktuar\u201d.<\/p>\n<div id=\"instream-video\" class=\"fluid-instream-video mb-4\"><\/div>\n<p>Nd\u00ebrsa, edhe Dejan Ra\u00e7iq, i lindur n\u00eb fshatin Videj n\u00eb Klin\u00eb, i nacionalitetit serb, dyshohet se ka kryer krime lufte ndaj popullsis\u00eb civile.<\/p>\n<div id=\"inarticle-video\" class=\"mgb-30 reklama-inside-300x250\"><\/div>\n<p>\u201cKonform nenit 303 paragrafi 8 t\u00eb KPPRK-s\u00eb, gjykata u b\u00ebn\u00eb thirrje t\u00eb akuzuarit Dejan Raciq, t\u00eb dor\u00ebzohet dhe t\u00eb paraqitet sa m\u00eb par\u00eb pran\u00eb k\u00ebsaj gjykate, q\u00eb kjo \u00e7\u00ebshtje penale t\u00eb zhvillohet me prezenc\u00ebn e tij n\u00eb seanc\u00ebn e caktuar me dat\u00eb dhe n\u00eb koh\u00eb si m\u00eb lart\u00eb\u201d, thuhet n\u00eb njoftimin e Gjykat\u00ebs Themelore.<\/p>\n<div id=\"koha-piano-feedback\" class=\"feedback-box mb-4\"><\/div>\n<p>Nd\u00ebrsa, Gjykata ka b\u00ebr\u00eb thirrje q\u00eb \u00e7do informacion mbi vendndodhjen e Ra\u00e7iqit, t\u2019i komunikohet Policis\u00eb s\u00eb Kosov\u00ebs.<\/p>\n<\/div>\n","protected":false},"excerpt":{"rendered":"<p>Gjykata Themelore n\u00eb Prishtin\u00eb i ka ftuar t\u00eb paraqiten n\u00eb seanc\u00eb gjyq\u00ebsore Millan Jovanoviq dhe&#8230;<\/p>\n","protected":false},"author":1,"featured_media":0,"comment_status":"open","ping_status":"open","sticky":false,"template":"","format":"standard","meta":{"om_disable_all_campaigns":false,"_monsterinsights_skip_tracking":false,"_monsterinsights_sitenote_active":false,"_monsterinsights_sitenote_note":"","_monsterinsights_sitenote_category":0,"_uf_show_specific_survey":0,"_uf_disable_surveys":false,"footnotes":""},"categories":[1],"tags":[],"class_list":["post-6026","post","type-post","status-publish","format-standard","hentry","category-uncategorized"],"aioseo_notices":[],"views":32,"_links":{"self":[{"href":"https:\/\/used82.com\/index.php?rest_route=\/wp\/v2\/posts\/6026","targetHints":{"allow":["GET"]}}],"collection":[{"href":"https:\/\/used82.com\/index.php?rest_route=\/wp\/v2\/posts"}],"about":[{"href":"https:\/\/used82.com\/index.php?rest_route=\/wp\/v2\/types\/post"}],"author":[{"embeddable":true,"href":"https:\/\/used82.com\/index.php?rest_route=\/wp\/v2\/users\/1"}],"replies":[{"embeddable":true,"href":"https:\/\/used82.com\/index.php?rest_route=%2Fwp%2Fv2%2Fcomments&post=6026"}],"version-history":[{"count":0,"href":"https:\/\/used82.com\/index.php?rest_route=\/wp\/v2\/posts\/6026\/revisions"}],"wp:attachment":[{"href":"https:\/\/used82.com\/index.php?rest_route=%2Fwp%2Fv2%2Fmedia&parent=6026"}],"wp:term":[{"taxonomy":"category","embeddable":true,"href":"https:\/\/used82.com\/index.php?rest_route=%2Fwp%2Fv2%2Fcategories&post=6026"},{"taxonomy":"post_tag","embeddable":true,"href":"https:\/\/used82.com\/index.php?rest_route=%2Fwp%2Fv2%2Ftags&post=6026"}],"curies":[{"name":"wp","href":"https:\/\/api.w.org\/{rel}","templated":true}]}}