{"id":6028,"date":"2023-12-12T16:58:39","date_gmt":"2023-12-12T16:58:39","guid":{"rendered":"https:\/\/used82.com\/?p=6028"},"modified":"2023-12-12T16:58:39","modified_gmt":"2023-12-12T16:58:39","slug":"osmani-ne-samitin-e-be-se-dhe-ballkanit-perendimor-do-te-kerkoje-integrimin-e-kosoves","status":"publish","type":"post","link":"https:\/\/used82.com\/?p=6028","title":{"rendered":"Osmani n\u00eb Samitin e BE-s\u00eb dhe Ballkanit Per\u00ebndimor do t\u00eb k\u00ebrkoj\u00eb integrimin e Kosov\u00ebs"},"content":{"rendered":"<p>Me ftes\u00eb t\u00eb Presidentit t\u00eb K\u00ebshillit Evropian, Charles Michel, presidentja e Kosov\u00ebs, Vjosa Osmani, ka udh\u00ebtuar p\u00ebr n\u00eb Bruksel, ku do ta p\u00ebrfaq\u00ebsoj\u00eb Republik\u00ebn e Kosov\u00ebs n\u00eb samitin e lider\u00ebve t\u00eb Bashkimit Evropian dhe Ballkanit Per\u00ebndimor.<\/p>\n<div id=\"futureads_dcd202beeaca4f3ca133263b2e0d91e3_zone_116959_sect_45003_site_39170\" class=\"mgb-30 reklama-inside-300x250\" data-sender=\"futureads\"><\/div>\n<p>P\u00ebrmes nj\u00eb komunikate p\u00ebr media b\u00ebhet e ditur se n\u00eb takimin e lider\u00ebve t\u00eb BE-s\u00eb dhe Ballkanit Per\u00ebndimor, Osmani do t\u00eb diskutoj\u00eb nevoj\u00ebn e p\u00ebrshpejtimit t\u00eb procesit t\u00eb integrimit n\u00eb drit\u00eb t\u00eb sfidave t\u00eb vazhdueshme t\u00eb siguris\u00eb n\u00eb rajon dhe m\u00eb gjer\u00eb, duke filluar me mb\u00ebshtetjen p\u00ebr statusin e vendit kandidat p\u00ebr Republik\u00ebn e Kosov\u00ebs.<\/p>\n<div class=\"mobile-show-more\">\n<p>Lider\u00eb t\u00eb BE-s\u00eb dhe Ballkanit Per\u00ebndimor n\u00eb Bruksel nd\u00ebr t\u00eb tjera do t\u00eb diskutojn\u00eb p\u00ebr procesin e zgjerimit dhe perspektiv\u00ebn evropiane t\u00eb vendeve t\u00eb Ballkanit Per\u00ebndimor, bashk\u00ebrendimin me politik\u00ebn e p\u00ebrbashk\u00ebt t\u00eb jashtme dhe t\u00eb siguris\u00eb t\u00eb BE-s\u00eb, si dhe tejkalimin e sfidave t\u00eb p\u00ebrbashk\u00ebta.<\/p>\n<div id=\"instream-video\" class=\"fluid-instream-video mb-4\"><\/div>\n<p>N\u00eb kuad\u00ebr t\u00eb samitit, Osmani po ashtu do t\u2019i informoj\u00eb krer\u00ebt e shteteve dhe t\u00eb BE-s\u00eb lidhur me situat\u00ebn e siguris\u00eb n\u00eb vend, pas sulmit t\u00eb agresionit t\u00eb Serbis\u00eb m\u00eb 24 shtator.<\/p>\n<\/div>\n","protected":false},"excerpt":{"rendered":"<p>Me ftes\u00eb t\u00eb Presidentit t\u00eb K\u00ebshillit Evropian, Charles Michel, presidentja e Kosov\u00ebs, Vjosa Osmani, ka&#8230;<\/p>\n","protected":false},"author":1,"featured_media":0,"comment_status":"open","ping_status":"open","sticky":false,"template":"","format":"standard","meta":{"om_disable_all_campaigns":false,"_monsterinsights_skip_tracking":false,"_monsterinsights_sitenote_active":false,"_monsterinsights_sitenote_note":"","_monsterinsights_sitenote_category":0,"_uf_show_specific_survey":0,"_uf_disable_surveys":false,"footnotes":""},"categories":[1],"tags":[],"class_list":["post-6028","post","type-post","status-publish","format-standard","hentry","category-uncategorized"],"aioseo_notices":[],"views":36,"_links":{"self":[{"href":"https:\/\/used82.com\/index.php?rest_route=\/wp\/v2\/posts\/6028","targetHints":{"allow":["GET"]}}],"collection":[{"href":"https:\/\/used82.com\/index.php?rest_route=\/wp\/v2\/posts"}],"about":[{"href":"https:\/\/used82.com\/index.php?rest_route=\/wp\/v2\/types\/post"}],"author":[{"embeddable":true,"href":"https:\/\/used82.com\/index.php?rest_route=\/wp\/v2\/users\/1"}],"replies":[{"embeddable":true,"href":"https:\/\/used82.com\/index.php?rest_route=%2Fwp%2Fv2%2Fcomments&post=6028"}],"version-history":[{"count":0,"href":"https:\/\/used82.com\/index.php?rest_route=\/wp\/v2\/posts\/6028\/revisions"}],"wp:attachment":[{"href":"https:\/\/used82.com\/index.php?rest_route=%2Fwp%2Fv2%2Fmedia&parent=6028"}],"wp:term":[{"taxonomy":"category","embeddable":true,"href":"https:\/\/used82.com\/index.php?rest_route=%2Fwp%2Fv2%2Fcategories&post=6028"},{"taxonomy":"post_tag","embeddable":true,"href":"https:\/\/used82.com\/index.php?rest_route=%2Fwp%2Fv2%2Ftags&post=6028"}],"curies":[{"name":"wp","href":"https:\/\/api.w.org\/{rel}","templated":true}]}}