{"id":6040,"date":"2023-12-12T17:11:54","date_gmt":"2023-12-12T17:11:54","guid":{"rendered":"https:\/\/used82.com\/?p=6040"},"modified":"2023-12-12T17:21:51","modified_gmt":"2023-12-12T17:21:51","slug":"rama-dronet-bayraktar-se-shpejti-pjese-e-forcave-te-armatosura-rendesi-per-sigurine-kombetare","status":"publish","type":"post","link":"https:\/\/used82.com\/?p=6040","title":{"rendered":"Rama: Dron\u00ebt \u201cBayraktar\u201d s\u00eb shpejti pjes\u00eb e Forcave t\u00eb Armatosura! R\u00ebnd\u00ebsi p\u00ebr sigurin\u00eb komb\u00ebtare"},"content":{"rendered":"<div class=\"td-post-content tagdiv-type\">\n<p>Dron\u00ebt \u201cBayraktar\u201d s\u00eb shpejti do t\u00eb b\u00ebhen pjes\u00eb e Forcave t\u00eb Armatosura.<\/p>\n<p>Kryeministri Edi Rama ka shp\u00ebrndar\u00eb n\u00eb Facebook, nj\u00eb video t\u00eb dron\u00ebve, nd\u00ebrsa thekson se i p\u00ebrkasin nj\u00eb teknologjie m\u00eb t\u00eb lart\u00eb t\u00eb fluturimeve q\u00eb p\u00ebrdoren p\u00ebr misione ushtarake.<\/p>\n<p>\u201dKjo \u00ebsht\u00eb pamja e dron\u00ebve \u201cBayraktar\u201d q\u00eb shum\u00eb shpejt do t\u00eb b\u00ebhen pjes\u00eb e Forcave tona t\u00eb Armatosura, teknologjia m\u00eb e lart\u00eb e fluturimeve q\u00eb p\u00ebrdoren p\u00ebr misione ushtarake, policore dhe civile.<\/p>\n<div class=\"insertion-box\">\n<div class=\"\">\n<p id=\"t657875e40da1a\" data-p=\"100\">Kompletimi i Shqip\u00ebris\u00eb me flot\u00ebn e k\u00ebtyre dron\u00ebve p\u00ebrb\u00ebn r\u00ebnd\u00ebsi t\u00eb ve\u00e7ant\u00eb n\u00eb funksion t\u00eb siguris\u00eb son\u00eb komb\u00ebtare dhe asaj t\u00eb Aleanc\u00ebs, si respektim i detyrimeve q\u00eb rrjedhin nga Strategjia e Siguris\u00eb Komb\u00ebtare, Strategjia Ushtarake dhe objektivat e Kapaciteteve t\u00eb NATO-s.<\/p>\n<p data-p=\"100\">T\u00eb p\u00ebrkushtuar p\u00ebr t\u00eb p\u00ebrdorur teknologjin\u00eb m\u00eb t\u00eb avancuar n\u00eb mbrojtjen e territorit ton\u00eb\u201d, shkruan Rama.<\/p>\n<\/div>\n<\/div>\n<div class=\"kodiim\" data-mce-contenteditable=\"false\"><iframe loading=\"lazy\" src=\"https:\/\/www.facebook.com\/plugins\/video.php?height=314&amp;href=https%3A%2F%2Fwww.facebook.com%2Fediramaal%2Fvideos%2F397593149259901%2F&amp;show_text=false&amp;width=560&amp;t=0\" width=\"560\" height=\"314\" frameborder=\"0\" scrolling=\"no\" allowfullscreen=\"allowfullscreen\" data-mce-fragment=\"1\"><\/iframe><\/div>\n<div class=\"td-a-rec td-a-rec-id-content_bottom tdi_1 td_block_template_1\"><\/div>\n<\/div>\n<footer>\n<div class=\"td-post-source-tags\"><\/div>\n<div class=\"td-post-sharing-bottom\"><\/div>\n<\/footer>\n","protected":false},"excerpt":{"rendered":"<p>Dron\u00ebt \u201cBayraktar\u201d s\u00eb shpejti do t\u00eb b\u00ebhen pjes\u00eb e Forcave t\u00eb Armatosura. Kryeministri Edi Rama&#8230;<\/p>\n","protected":false},"author":1,"featured_media":6048,"comment_status":"open","ping_status":"open","sticky":false,"template":"","format":"standard","meta":{"om_disable_all_campaigns":false,"_monsterinsights_skip_tracking":false,"_monsterinsights_sitenote_active":false,"_monsterinsights_sitenote_note":"","_monsterinsights_sitenote_category":0,"_uf_show_specific_survey":0,"_uf_disable_surveys":false,"footnotes":""},"categories":[1],"tags":[],"class_list":["post-6040","post","type-post","status-publish","format-standard","has-post-thumbnail","hentry","category-uncategorized"],"aioseo_notices":[],"views":28,"_links":{"self":[{"href":"https:\/\/used82.com\/index.php?rest_route=\/wp\/v2\/posts\/6040","targetHints":{"allow":["GET"]}}],"collection":[{"href":"https:\/\/used82.com\/index.php?rest_route=\/wp\/v2\/posts"}],"about":[{"href":"https:\/\/used82.com\/index.php?rest_route=\/wp\/v2\/types\/post"}],"author":[{"embeddable":true,"href":"https:\/\/used82.com\/index.php?rest_route=\/wp\/v2\/users\/1"}],"replies":[{"embeddable":true,"href":"https:\/\/used82.com\/index.php?rest_route=%2Fwp%2Fv2%2Fcomments&post=6040"}],"version-history":[{"count":0,"href":"https:\/\/used82.com\/index.php?rest_route=\/wp\/v2\/posts\/6040\/revisions"}],"wp:featuredmedia":[{"embeddable":true,"href":"https:\/\/used82.com\/index.php?rest_route=\/wp\/v2\/media\/6048"}],"wp:attachment":[{"href":"https:\/\/used82.com\/index.php?rest_route=%2Fwp%2Fv2%2Fmedia&parent=6040"}],"wp:term":[{"taxonomy":"category","embeddable":true,"href":"https:\/\/used82.com\/index.php?rest_route=%2Fwp%2Fv2%2Fcategories&post=6040"},{"taxonomy":"post_tag","embeddable":true,"href":"https:\/\/used82.com\/index.php?rest_route=%2Fwp%2Fv2%2Ftags&post=6040"}],"curies":[{"name":"wp","href":"https:\/\/api.w.org\/{rel}","templated":true}]}}