{"id":6044,"date":"2023-12-12T17:17:21","date_gmt":"2023-12-12T17:17:21","guid":{"rendered":"https:\/\/used82.com\/?p=6044"},"modified":"2023-12-12T17:17:21","modified_gmt":"2023-12-12T17:17:21","slug":"ceshtja-beleri-vendos-ligji-be-nuk-e-mbeshtet-sjelljen-e-greqise-me-shqiperine","status":"publish","type":"post","link":"https:\/\/used82.com\/?p=6044","title":{"rendered":"\u201c\u00c7\u00ebshtja Beleri, vendos ligji\u201d, BE nuk e mb\u00ebshtet sjelljen e Greqis\u00eb me Shqip\u00ebrin\u00eb"},"content":{"rendered":"<p>K\u00ebrc\u00ebnimet e Athin\u00ebs zyrtare se do t\u00eb pengoj\u00eb rrug\u00ebn e Shqip\u00ebris\u00eb drejt BE-s\u00eb p\u00ebr shkak t\u00eb \u00e7\u00ebshtjes Beleri, i \u00ebsht\u00eb p\u00ebrgjigjur s\u00eb fundi edhe vet\u00eb z\u00ebdh\u00ebn\u00ebsi i bllokut, Peter Stano.<\/p>\n<p>N\u00eb nj\u00eb intervist\u00eb p\u00ebr Open Tv News, Stano e k\u00ebshilloi fillimisht Greqin\u00eb t\u00eb shmang\u00eb acarimin e marr\u00ebdh\u00ebnieve mes pal\u00ebve, e pastaj p\u00ebrcolli mesazhin e qart\u00eb se n\u00eb k\u00ebt\u00eb \u00e7\u00ebshtje zbatohet sundimi i ligjit.<\/p>\n<p>\u201cNe nuk hyjm\u00eb n\u00eb mosmarr\u00ebveshje dypal\u00ebshe pasi kemi besim tek aft\u00ebsia e aktor\u00ebve, sidomos n\u00ebse aktor\u00ebt jan\u00eb shtetet an\u00ebtare t\u00eb BE-s\u00eb dhe shtetet q\u00eb do t\u00eb jen\u00eb pjes\u00eb e saj, p\u00ebr ta zgjidhur k\u00ebt\u00eb \u00e7\u00ebshtje n\u00eb m\u00ebnyr\u00eb q\u00eb t\u00eb ket\u00eb p\u00ebrfitim reciprok, n\u00eb zbatim t\u00eb rregullave dhe parimeve.<\/p>\n<p>N\u00eb k\u00ebt\u00eb rast zbatohet sundimi i ligjit. Ligji duhet t\u00eb respektohet dhe n\u00ebse ka dyshime, shtetet an\u00ebtare t\u00eb BE-s\u00eb dhe gjithashtu shtete si Shqip\u00ebria i zot\u00ebrojn\u00eb instrumentet dhe mjetet p\u00ebr t\u2019i dh\u00ebn\u00eb zgjidhje problemeve ose mosmarr\u00ebveshjeve t\u00eb tilla, n\u00eb m\u00ebnyr\u00eb q\u00eb t\u00eb mos krijojn\u00eb krisje t\u00eb panevojshme n\u00eb marr\u00ebdh\u00ebniet dypal\u00ebshe dhe t\u00eb mos i ngren\u00eb \u00e7\u00ebshtjet bilaterale n\u00eb nivel unioni, si p\u00ebr shembull n\u00eb procesin e an\u00ebtar\u00ebsimit\u201c, tha Peter Stano.<\/p>\n<p>M\u00eb her\u00ebt, edhe kancelari gjerman Olaf Scholz e cil\u00ebsoi si t\u00eb papranuesh\u00ebm pretendimin e Greqis\u00eb p\u00ebr t\u00eb penguar rrug\u00ebn e integrimit t\u00eb Shqip\u00ebris\u00eb p\u00ebr \u00e7\u00ebshtjen Beleri.<br \/>\nNj\u00eb dit\u00eb m\u00eb par\u00eb, Gjykata e Posa\u00e7me n\u00eb Shqip\u00ebri refuzoi k\u00ebrkes\u00ebn e kryetarit t\u00eb zgjedhur t\u00eb Bashkis\u00eb s\u00eb Himar\u00ebs Fredi Beleri, p\u00ebr t\u2019u pajisur me leje t\u00eb posa\u00e7me p\u00ebr t\u00eb b\u00ebr\u00eb betimin pran\u00eb K\u00ebshillit Bashkiak.<\/p>\n<p>Beleri, u arrestua dy dit\u00eb p\u00ebrpara votimeve t\u00eb 14 majit n\u00ebn dyshimet p\u00ebr shitblerje vote, dhe q\u00eb at\u00ebher\u00eb ndodhet n\u00eb paraburgim, nd\u00ebrsa hetimet jan\u00eb mbyllur dhe ka nisur procesi ndaj tij n\u00ebn akuz\u00ebn p\u00ebr \u201ckorrupsion aktiv n\u00eb zgjedhje\u201d. Edhe pse u shpall fitues, ai nuk ka mundur t\u00eb b\u00ebj\u00eb betimin, akt i cili do ta zyrtarizonte si drejtues t\u00eb bashkis\u00eb.<\/p>\n","protected":false},"excerpt":{"rendered":"<p>K\u00ebrc\u00ebnimet e Athin\u00ebs zyrtare se do t\u00eb pengoj\u00eb rrug\u00ebn e Shqip\u00ebris\u00eb drejt BE-s\u00eb p\u00ebr shkak&#8230;<\/p>\n","protected":false},"author":1,"featured_media":0,"comment_status":"open","ping_status":"open","sticky":false,"template":"","format":"standard","meta":{"om_disable_all_campaigns":false,"_monsterinsights_skip_tracking":false,"_monsterinsights_sitenote_active":false,"_monsterinsights_sitenote_note":"","_monsterinsights_sitenote_category":0,"_uf_show_specific_survey":0,"_uf_disable_surveys":false,"footnotes":""},"categories":[1],"tags":[],"class_list":["post-6044","post","type-post","status-publish","format-standard","hentry","category-uncategorized"],"aioseo_notices":[],"views":29,"_links":{"self":[{"href":"https:\/\/used82.com\/index.php?rest_route=\/wp\/v2\/posts\/6044","targetHints":{"allow":["GET"]}}],"collection":[{"href":"https:\/\/used82.com\/index.php?rest_route=\/wp\/v2\/posts"}],"about":[{"href":"https:\/\/used82.com\/index.php?rest_route=\/wp\/v2\/types\/post"}],"author":[{"embeddable":true,"href":"https:\/\/used82.com\/index.php?rest_route=\/wp\/v2\/users\/1"}],"replies":[{"embeddable":true,"href":"https:\/\/used82.com\/index.php?rest_route=%2Fwp%2Fv2%2Fcomments&post=6044"}],"version-history":[{"count":0,"href":"https:\/\/used82.com\/index.php?rest_route=\/wp\/v2\/posts\/6044\/revisions"}],"wp:attachment":[{"href":"https:\/\/used82.com\/index.php?rest_route=%2Fwp%2Fv2%2Fmedia&parent=6044"}],"wp:term":[{"taxonomy":"category","embeddable":true,"href":"https:\/\/used82.com\/index.php?rest_route=%2Fwp%2Fv2%2Fcategories&post=6044"},{"taxonomy":"post_tag","embeddable":true,"href":"https:\/\/used82.com\/index.php?rest_route=%2Fwp%2Fv2%2Ftags&post=6044"}],"curies":[{"name":"wp","href":"https:\/\/api.w.org\/{rel}","templated":true}]}}