{"id":6049,"date":"2023-12-13T07:09:49","date_gmt":"2023-12-13T07:09:49","guid":{"rendered":"https:\/\/used82.com\/?p=6049"},"modified":"2023-12-13T07:09:49","modified_gmt":"2023-12-13T07:09:49","slug":"pas-vrasjes-se-liridones-flet-per-here-te-pare-nena-ne-gjendje-te-renduar-ai-mos-pafte-drite-me-sy","status":"publish","type":"post","link":"https:\/\/used82.com\/?p=6049","title":{"rendered":"Pas vrasjes s\u00eb Liridon\u00ebs, flet p\u00ebr her\u00eb t\u00eb par\u00eb n\u00ebna n\u00eb gjendje t\u00eb r\u00ebnduar: Ai mos paft\u00eb drit\u00eb me sy"},"content":{"rendered":"<p>Naim Murseli, Granit Plava dhe Kushtrim Kokolla, jan\u00eb tre t\u00eb arrestuarit p\u00ebr vrasjen e Liridona Ademajt.<\/p>\n<p>Gjykata Themelore n\u00eb Prishtin\u00eb ka caktuar mas\u00ebn<\/p>\n<div class=\"code-block code-block-3\"><\/div>\n<p>e paraburgimit n\u00eb koh\u00ebzgjatje prej nj\u00eb muaji p\u00ebr t\u00eb tre t\u00eb pandehurit.<\/p>\n<p>IndeksOnline ka q\u00ebndruar sot te familja e Kushtrimit, pjes\u00ebtar i Forc\u00ebs s\u00eb Siguris\u00eb s\u00eb Kosov\u00eb, ku n\u00ebna e tij tejet n\u00eb gjendje t\u00eb r\u00ebnd\u00eb ka th\u00ebn\u00eb se veq shpirti sa nuk u ka dal\u00eb.<\/p>\n<div class=\"code-block code-block-4\"><\/div>\n<p>\u201cS\u2019kemi \u00e7ka me fol\u00eb. Ve\u00e7 sa s\u2019na ka dal\u00eb shpirti.<\/p>\n<div class=\"code-block code-block-5\"><\/div>\n<p>Jem pa hak as pa hile. Naimin e kam djal\u00eb t\u00eb v\u00ebllait.<\/p>\n<p>Un\u00eb trauma kom. S\u2019kemi hak as hile me ask\u00ebnd.<\/p>\n<div class=\"code-block code-block-7\"><\/div>\n<p>Ai (Graniti) mos paft\u00eb drit\u00eb, drit\u00eb mos paft\u00eb. Pse na e ban\u00eb k\u00ebtahen k\u00ebshtu\u201d, ka th\u00ebn\u00eb n\u00ebna e Kushtrimit n\u00eb gjendje t\u00eb r\u00ebnduar.<\/p>\n<p>Sipas gjykat\u00ebs, Naim Murseli dyshohet p\u00ebr vepr\u00ebn penale \u2018Vrasje e r\u00ebnd\u00eb n\u00eb bashk\u00ebkryerje\u2018, Granit Plava p\u00ebr vepr\u00ebn penale \u2018Vrasje e r\u00ebnd\u00eb\u2018 dhe vepr\u00ebn penale \u2018Mbajtja n\u00eb pron\u00ebsi, kontroll ose posedim t\u00eb paautorizuar t\u00eb arm\u00ebve\u2018 dhe i pandehuri Kushtrim Kokolla p\u00ebr shkak t\u00eb vepr\u00ebs penale \u2018Marr\u00ebveshja p\u00ebr t\u00eb kryer vepr\u00ebn penale Vrasje e r\u00ebnd\u00eb\u2018.<\/p>\n","protected":false},"excerpt":{"rendered":"<p>Naim Murseli, Granit Plava dhe Kushtrim Kokolla, jan\u00eb tre t\u00eb arrestuarit p\u00ebr vrasjen e Liridona&#8230;<\/p>\n","protected":false},"author":1,"featured_media":0,"comment_status":"open","ping_status":"open","sticky":false,"template":"","format":"standard","meta":{"om_disable_all_campaigns":false,"_monsterinsights_skip_tracking":false,"_monsterinsights_sitenote_active":false,"_monsterinsights_sitenote_note":"","_monsterinsights_sitenote_category":0,"_uf_show_specific_survey":0,"_uf_disable_surveys":false,"footnotes":""},"categories":[1],"tags":[],"class_list":["post-6049","post","type-post","status-publish","format-standard","hentry","category-uncategorized"],"aioseo_notices":[],"views":37,"_links":{"self":[{"href":"https:\/\/used82.com\/index.php?rest_route=\/wp\/v2\/posts\/6049","targetHints":{"allow":["GET"]}}],"collection":[{"href":"https:\/\/used82.com\/index.php?rest_route=\/wp\/v2\/posts"}],"about":[{"href":"https:\/\/used82.com\/index.php?rest_route=\/wp\/v2\/types\/post"}],"author":[{"embeddable":true,"href":"https:\/\/used82.com\/index.php?rest_route=\/wp\/v2\/users\/1"}],"replies":[{"embeddable":true,"href":"https:\/\/used82.com\/index.php?rest_route=%2Fwp%2Fv2%2Fcomments&post=6049"}],"version-history":[{"count":0,"href":"https:\/\/used82.com\/index.php?rest_route=\/wp\/v2\/posts\/6049\/revisions"}],"wp:attachment":[{"href":"https:\/\/used82.com\/index.php?rest_route=%2Fwp%2Fv2%2Fmedia&parent=6049"}],"wp:term":[{"taxonomy":"category","embeddable":true,"href":"https:\/\/used82.com\/index.php?rest_route=%2Fwp%2Fv2%2Fcategories&post=6049"},{"taxonomy":"post_tag","embeddable":true,"href":"https:\/\/used82.com\/index.php?rest_route=%2Fwp%2Fv2%2Ftags&post=6049"}],"curies":[{"name":"wp","href":"https:\/\/api.w.org\/{rel}","templated":true}]}}