{"id":6351,"date":"2023-12-18T17:36:40","date_gmt":"2023-12-18T17:36:40","guid":{"rendered":"https:\/\/used82.com\/?p=6351"},"modified":"2023-12-18T17:36:40","modified_gmt":"2023-12-18T17:36:40","slug":"be-ja-miraton-paketen-e-12-te-te-sanksioneve-kunder-rusise","status":"publish","type":"post","link":"https:\/\/used82.com\/?p=6351","title":{"rendered":"BE-ja miraton paket\u00ebn e 12-t\u00eb t\u00eb sanksioneve kund\u00ebr Rusis\u00eb"},"content":{"rendered":"<p>K\u00ebshilli i Bashkimit Evropian ka miratuar paket\u00ebn e 12-t\u00eb t\u00eb sanksioneve kund\u00ebr Rusis\u00eb, tha Komisioni Evropian n\u00eb nj\u00eb deklarat\u00eb t\u00eb h\u00ebn\u00ebn.<\/p>\n<div class=\"des-adv\"><\/div>\n<p>Kjo paket\u00eb fokusohet n\u00eb vendosjen e ndalimeve shtes\u00eb t\u00eb importit dhe eksportit n\u00eb Rusi dhe mbylljen e zbraz\u00ebtirave, thuhet n\u00eb deklarat\u00eb, raporton The Independent, transmeton Klankosova.tv.<\/p>\n<div class=\"des-adv shteti\"><\/div>\n<p>Paketa e 12-t\u00eb ndalon importin, blerjen ose transferimin direkt dhe indirekt t\u00eb diamanteve nga Rusia.<\/p>\n<div class=\"des-adv jashtshteti\"><\/div>\n<p>Gjithashtu prezanton nj\u00eb ndalim t\u00eb ri t\u00eb importit t\u00eb gazit t\u00eb l\u00ebngsh\u00ebm t\u00eb naft\u00ebs q\u00eb do t\u00eb ndikonte n\u00eb importet vjetore me vler\u00eb 1 miliard euro, shtoi BE-ja n\u00eb deklarat\u00eb.<\/p>\n<p>\u201cMe paket\u00ebn e 12-t\u00eb, ne po paraqesim nj\u00eb grup t\u00eb fuqish\u00ebm listimesh t\u00eb reja dhe masash ekonomike q\u00eb do t\u00eb dob\u00ebsojn\u00eb m\u00eb tej makin\u00ebn luftarake t\u00eb Rusis\u00eb\u201d, ka shkruar n\u00eb X, n\u00ebnkryetari i Komisionit Evropian, Josep Borrell.<\/p>\n<div class=\"des-adv shteti\"><\/div>\n<p>\u201cMesazhi yn\u00eb \u00ebsht\u00eb i qart\u00eb: ne mbetemi t\u00eb pal\u00ebkundur n\u00eb angazhimin ton\u00eb ndaj Ukrain\u00ebs dhe do t\u00eb vazhdojm\u00eb t\u00eb mb\u00ebshtesim luft\u00ebn e saj p\u00ebr liri dhe sovranitet\u201d.<\/p>\n","protected":false},"excerpt":{"rendered":"<p>K\u00ebshilli i Bashkimit Evropian ka miratuar paket\u00ebn e 12-t\u00eb t\u00eb sanksioneve kund\u00ebr Rusis\u00eb, tha Komisioni&#8230;<\/p>\n","protected":false},"author":1,"featured_media":0,"comment_status":"open","ping_status":"open","sticky":false,"template":"","format":"standard","meta":{"om_disable_all_campaigns":false,"_monsterinsights_skip_tracking":false,"_monsterinsights_sitenote_active":false,"_monsterinsights_sitenote_note":"","_monsterinsights_sitenote_category":0,"_uf_show_specific_survey":0,"_uf_disable_surveys":false,"footnotes":""},"categories":[1],"tags":[],"class_list":["post-6351","post","type-post","status-publish","format-standard","hentry","category-uncategorized"],"aioseo_notices":[],"views":28,"_links":{"self":[{"href":"https:\/\/used82.com\/index.php?rest_route=\/wp\/v2\/posts\/6351","targetHints":{"allow":["GET"]}}],"collection":[{"href":"https:\/\/used82.com\/index.php?rest_route=\/wp\/v2\/posts"}],"about":[{"href":"https:\/\/used82.com\/index.php?rest_route=\/wp\/v2\/types\/post"}],"author":[{"embeddable":true,"href":"https:\/\/used82.com\/index.php?rest_route=\/wp\/v2\/users\/1"}],"replies":[{"embeddable":true,"href":"https:\/\/used82.com\/index.php?rest_route=%2Fwp%2Fv2%2Fcomments&post=6351"}],"version-history":[{"count":0,"href":"https:\/\/used82.com\/index.php?rest_route=\/wp\/v2\/posts\/6351\/revisions"}],"wp:attachment":[{"href":"https:\/\/used82.com\/index.php?rest_route=%2Fwp%2Fv2%2Fmedia&parent=6351"}],"wp:term":[{"taxonomy":"category","embeddable":true,"href":"https:\/\/used82.com\/index.php?rest_route=%2Fwp%2Fv2%2Fcategories&post=6351"},{"taxonomy":"post_tag","embeddable":true,"href":"https:\/\/used82.com\/index.php?rest_route=%2Fwp%2Fv2%2Ftags&post=6351"}],"curies":[{"name":"wp","href":"https:\/\/api.w.org\/{rel}","templated":true}]}}