{"id":6361,"date":"2023-12-18T17:46:20","date_gmt":"2023-12-18T17:46:20","guid":{"rendered":"https:\/\/used82.com\/?p=6361"},"modified":"2023-12-18T17:46:20","modified_gmt":"2023-12-18T17:46:20","slug":"heqja-e-imunitetit-te-berishes-vjen-reagimi-i-radhes-nga-bardhi-neser","status":"publish","type":"post","link":"https:\/\/used82.com\/?p=6361","title":{"rendered":"Heqja e imunitetit t\u00eb Berish\u00ebs, vjen reagimi i radh\u00ebs nga Bardhi: Nes\u00ebr\u2026"},"content":{"rendered":"<p>Partia Demokratike do t\u00eb zhvilloj\u00eb dit\u00ebn e nes\u00ebrme n\u00eb or\u00ebn 13:00 mbledhjen me grupin parlamentar.<\/p>\n<p>Lajmi u konfirmua nga Gazment Bardhi menj\u00ebher\u00eb pasi K\u00ebshilli i Mandateve votoi \u201cpro\u201d heqjes s\u00eb imunitetit p\u00ebr arrestimin e ish-kryeministrit Sali Berisha.<\/p>\n<p><em>\u201cT\u00eb nderuar koleg\u00eb, Si zakonisht, nes\u00ebr, e mart\u00eb, ora 13:00 do t\u00eb zhvillojm\u00eb mbledhjen e grupit parlamentar, n\u00eb sall\u00ebn e grupit n\u00eb Kryesin\u00eb e Kuvendit. Ju falenderoj!\u201d, thuhet n\u00eb mesazhin e Bardhit.<\/em><\/p>\n<div class=\"jeg_ad jeg_ad_article jnews_content_inline_2_ads  \"><\/div>\n<p>Kujtojm\u00eb q\u00eb dit\u00ebn e enjte n\u00eb rendin e dit\u00ebs do t\u00eb votohet p\u00ebr heqjen e imunitetit t\u00eb deputetit dhe nj\u00ebkoh\u00ebsisht liderit t\u00eb opozit\u00ebs, Sali Berish\u00ebs.<\/p>\n","protected":false},"excerpt":{"rendered":"<p>Partia Demokratike do t\u00eb zhvilloj\u00eb dit\u00ebn e nes\u00ebrme n\u00eb or\u00ebn 13:00 mbledhjen me grupin parlamentar&#8230;.<\/p>\n","protected":false},"author":1,"featured_media":0,"comment_status":"open","ping_status":"open","sticky":false,"template":"","format":"standard","meta":{"om_disable_all_campaigns":false,"_monsterinsights_skip_tracking":false,"_monsterinsights_sitenote_active":false,"_monsterinsights_sitenote_note":"","_monsterinsights_sitenote_category":0,"_uf_show_specific_survey":0,"_uf_disable_surveys":false,"footnotes":""},"categories":[1],"tags":[],"class_list":["post-6361","post","type-post","status-publish","format-standard","hentry","category-uncategorized"],"aioseo_notices":[],"views":46,"_links":{"self":[{"href":"https:\/\/used82.com\/index.php?rest_route=\/wp\/v2\/posts\/6361","targetHints":{"allow":["GET"]}}],"collection":[{"href":"https:\/\/used82.com\/index.php?rest_route=\/wp\/v2\/posts"}],"about":[{"href":"https:\/\/used82.com\/index.php?rest_route=\/wp\/v2\/types\/post"}],"author":[{"embeddable":true,"href":"https:\/\/used82.com\/index.php?rest_route=\/wp\/v2\/users\/1"}],"replies":[{"embeddable":true,"href":"https:\/\/used82.com\/index.php?rest_route=%2Fwp%2Fv2%2Fcomments&post=6361"}],"version-history":[{"count":0,"href":"https:\/\/used82.com\/index.php?rest_route=\/wp\/v2\/posts\/6361\/revisions"}],"wp:attachment":[{"href":"https:\/\/used82.com\/index.php?rest_route=%2Fwp%2Fv2%2Fmedia&parent=6361"}],"wp:term":[{"taxonomy":"category","embeddable":true,"href":"https:\/\/used82.com\/index.php?rest_route=%2Fwp%2Fv2%2Fcategories&post=6361"},{"taxonomy":"post_tag","embeddable":true,"href":"https:\/\/used82.com\/index.php?rest_route=%2Fwp%2Fv2%2Ftags&post=6361"}],"curies":[{"name":"wp","href":"https:\/\/api.w.org\/{rel}","templated":true}]}}