{"id":6365,"date":"2023-12-18T20:24:40","date_gmt":"2023-12-18T20:24:40","guid":{"rendered":"https:\/\/used82.com\/?p=6365"},"modified":"2023-12-18T20:24:40","modified_gmt":"2023-12-18T20:24:40","slug":"paraburgim-per-dy-shoferet-gjykata-u-moren-vesh-paraprakisht-qe-te-garonin-tre-viktimat-po-i-ndiqnin","status":"publish","type":"post","link":"https:\/\/used82.com\/?p=6365","title":{"rendered":"Paraburgim p\u00ebr dy shofer\u00ebt, Gjykata: U mor\u00ebn vesh paraprakisht q\u00eb t\u00eb garonin, tre viktimat po i ndiqnin"},"content":{"rendered":"<p>Gjykata Themelore e Prizrenit ka vendosur t\u2019ua caktoj\u00eb nga nj\u00eb mauj paraburgim dy t\u00eb arrestuarve p\u00ebr aksidentin q\u00eb t\u00eb shtun\u00ebn pak para mesnat\u00ebs ua mori jet\u00ebn tre t\u00eb rinjve n\u00eb kilometrin e 15-t\u00eb t\u00eb autostrad\u00ebs \u201cIbrahim Rugova\u201d.<\/p>\n<div class=\"code-block code-block-1\"><\/div>\n<p>Gjykata njofton se ka \u201cdyshim t\u00eb bazuar\u201d se ata organizun \u201cgar\u00eb t\u00eb kund\u00ebrligjshme automobilistike\u201d, duke u marr\u00eb vesh paraprakisht.<\/p>\n<div class=\"code-block code-block-3\"><\/div>\n<p>A.S. dhe I.H.,sipas Gjykat\u00ebs, ishim marr\u00eb vesh paraprakisht p\u00ebr gar\u00ebn e cila ua mori jet\u00ebn tre t\u00eb rinjve q\u00eb po e ndiqnin at\u00eb.<\/p>\n<p>\u201cMe dat\u00eb 16 dhjetor 2023, rreth or\u00ebs 22:30, n\u00eb autostrad\u00ebn \u2018\u2019Ibrahim Rugova\u2019\u2019 n\u00eb Prizren, sakt\u00ebsisht me dashje dhe n\u00eb bashk\u00ebkryerje, veprojn\u00eb n\u00eb kund\u00ebrshtim me Rregullat e Trafikut Rrugor, n\u00eb at\u00eb m\u00ebnyr\u00eb q\u00eb paraprakisht, merren vesh dhe organizojn\u00eb gar\u00eb t\u00eb kund\u00ebrligjshme automobilistike, ashtu q\u00eb t\u00eb pandehurit, A.S., dhe I.H.,<\/p>\n<div class=\"code-block code-block-4\"><\/div>\n<p>l\u00ebvizin paralelisht me automjetet e tyre me nj\u00eb shpejt\u00ebsi jasht\u00ebzakonisht t\u00eb madhe, dhe n\u00eb nj\u00eb moment i pandehuri i dyt\u00eb me automjetin e tij i afrohet t\u00eb pandehurit t\u00eb par\u00eb, me \u00e7\u2019rast i pandehuri A.S., humb kontrollin mbi drejtimin e automjetit duke devijuar n\u00eb m\u00ebnyr\u00eb diagonale nga shiriti i majt\u00eb i rrug\u00ebs, me \u00e7\u2019rast e godet automjetin tjet\u00ebr i cili ishte i ndalur n\u00eb shiritin emergjent t\u00eb austostrad\u00ebs dhe p\u00ebr pasoj\u00eb godet p\u00ebr vdekje k\u00ebmb\u00ebsor\u00ebt \u2013 viktimat N.B., M.D., dhe L.S, t\u00eb cil\u00ebt ishin duke e ndjekur zhvillimin e gar\u00ebs dhe n\u00eb t\u00eb nj\u00ebjt\u00ebn koh\u00eb u shkakton l\u00ebndime trupore t\u00eb d\u00ebmtuarve M.Z., S.Z., dhe B.P., t\u00eb cil\u00ebt gjithashtu ishin n\u00eb vendin kritik duke e ndjekur zhvillimin e gar\u00ebs automobilisitke n\u00eb mes t\u00eb t\u00eb pandehurve\u201c, thuhet n\u00eb njoftimin e Gjykat\u00ebs.<\/p>\n<div class=\"code-block code-block-5\"><\/div>\n<p>Dy t\u00eb pandehurit akuzohen p\u00ebr vepr\u00ebn penale t\u00eb \u201crrezikimit t\u00eb trafikut publik\u201d.<\/p>\n<p>\u201cKurse a do t\u00eb argumentohen k\u00ebto fakte do t\u00eb vler\u00ebsohet n\u00eb fazat e m\u00ebtejme t\u00eb procedur\u00ebs penale\u201d, thot\u00eb Gjykata.<\/p>\n<div class=\"code-block code-block-7\"><\/div>\n<p>Me rastin e caktimit t\u00eb paraburgimit, Gjykata thot\u00eb se ka marr\u00eb parasysh \u201cfaktin se rasti \u00ebsht\u00eb n\u00eb faz\u00ebn fillestare t\u00eb hetimeve, dhe do t\u00eb merret n\u00eb pyetje t\u00eb pandehurit, dhe d\u00ebshmitar\u00ebt eventual\u201d.<\/p>\n<p>\u201cAndaj me l\u00ebnien n\u00eb liri t\u00eb t\u00eb pandehurve ekziston i posa\u00e7\u00ebm se t\u00eb nj\u00ebjtit do t\u00eb pengojn\u00eb rrjedh\u00ebn e procedur\u00eb hetimore, duke tentuar t\u00eb ndikojn\u00eb n\u00eb d\u00ebshmitar\u00eb apo tek bashk\u00eb t\u00eb pandehurit\u201d, thuhet n\u00eb njoftimin e Gjykat\u00ebs.<\/p>\n<div class=\"code-block code-block-6\"><\/div>\n<p>Por, duke marr\u00eb parasysh \u201cpesh\u00ebn e r\u00ebnd\u00eb t\u00eb vepr\u00ebs penale q\u00eb i\u2019u, ngarkohet dhe pasojat q\u00eb kan\u00eb shkaktuar me veprimet e tyre\u201d, Gjykata konstatoi se caktimi i paraburgimit \u00ebsht\u00eb \u201ci arsyesh\u00ebm dhe i domosdosh\u00ebm\u201d.<\/p>\n<p>\u201cGjykata ka konstatuar se caktimi i mas\u00ebs s\u00eb paraburgimit n\u00eb k\u00ebt\u00eb faz\u00eb \u00ebsht\u00eb i domosdosh\u00ebm, duke marr\u00eb parasysh pesh\u00ebn e r\u00ebnd\u00eb t\u00eb veprave penale p\u00ebr t\u00eb cilat dyshohen t\u00eb pandehurit, dhe rrethanat n\u00eb t\u00eb cilat dyshohet se jan\u00eb kryer veprat penale, duke nd\u00ebrmarr\u00eb veprime t\u00eb rrezikshme, t\u00eb gjitha k\u00ebto shtojn\u00eb dyshimin se me l\u00ebnien e t\u00eb t\u00eb pandehurve n\u00eb liri t\u00eb nj\u00ebjtit mund t\u00eb p\u00ebrs\u00ebris vepr\u00ebn penale, apo mund t\u00eb ipen n\u00eb arrati me q\u00ebllim t\u00eb shmangies nga p\u00ebrgjegj\u00ebsia penale\u201d, thuhet n\u00eb njoftimin e Gjykat\u00ebs Themelore t\u00eb Prizrenit.<\/p>\n","protected":false},"excerpt":{"rendered":"<p>Gjykata Themelore e Prizrenit ka vendosur t\u2019ua caktoj\u00eb nga nj\u00eb mauj paraburgim dy t\u00eb arrestuarve&#8230;<\/p>\n","protected":false},"author":1,"featured_media":0,"comment_status":"open","ping_status":"open","sticky":false,"template":"","format":"standard","meta":{"om_disable_all_campaigns":false,"_monsterinsights_skip_tracking":false,"_monsterinsights_sitenote_active":false,"_monsterinsights_sitenote_note":"","_monsterinsights_sitenote_category":0,"_uf_show_specific_survey":0,"_uf_disable_surveys":false,"footnotes":""},"categories":[1],"tags":[],"class_list":["post-6365","post","type-post","status-publish","format-standard","hentry","category-uncategorized"],"aioseo_notices":[],"views":39,"_links":{"self":[{"href":"https:\/\/used82.com\/index.php?rest_route=\/wp\/v2\/posts\/6365","targetHints":{"allow":["GET"]}}],"collection":[{"href":"https:\/\/used82.com\/index.php?rest_route=\/wp\/v2\/posts"}],"about":[{"href":"https:\/\/used82.com\/index.php?rest_route=\/wp\/v2\/types\/post"}],"author":[{"embeddable":true,"href":"https:\/\/used82.com\/index.php?rest_route=\/wp\/v2\/users\/1"}],"replies":[{"embeddable":true,"href":"https:\/\/used82.com\/index.php?rest_route=%2Fwp%2Fv2%2Fcomments&post=6365"}],"version-history":[{"count":0,"href":"https:\/\/used82.com\/index.php?rest_route=\/wp\/v2\/posts\/6365\/revisions"}],"wp:attachment":[{"href":"https:\/\/used82.com\/index.php?rest_route=%2Fwp%2Fv2%2Fmedia&parent=6365"}],"wp:term":[{"taxonomy":"category","embeddable":true,"href":"https:\/\/used82.com\/index.php?rest_route=%2Fwp%2Fv2%2Fcategories&post=6365"},{"taxonomy":"post_tag","embeddable":true,"href":"https:\/\/used82.com\/index.php?rest_route=%2Fwp%2Fv2%2Ftags&post=6365"}],"curies":[{"name":"wp","href":"https:\/\/api.w.org\/{rel}","templated":true}]}}