{"id":6369,"date":"2023-12-18T20:57:58","date_gmt":"2023-12-18T20:57:58","guid":{"rendered":"https:\/\/used82.com\/?p=6369"},"modified":"2023-12-18T20:57:58","modified_gmt":"2023-12-18T20:57:58","slug":"tete-vjet-nga-vrasja-e-donjeta-pajazitajt-familjaret-kane-humbur-besimin-ne-drejtesi","status":"publish","type":"post","link":"https:\/\/used82.com\/?p=6369","title":{"rendered":"Tet\u00eb vjet nga vrasja e Donjeta Pajazitajt, familjar\u00ebt kan\u00eb humbur besimin n\u00eb drejt\u00ebsi"},"content":{"rendered":"<p><strong>Jan\u00eb b\u00ebr\u00eb 8 vjet q\u00eb nga vrasja e Donjeta Pajazitajt. Por vrasja e saj, mbetet pa autor\u00eb, nd\u00ebrkoh\u00eb familjar\u00eb t\u00eb saj, kan\u00eb th\u00ebn\u00eb se u jan\u00eb zbehur shpresat se do t\u00eb ket\u00eb epilog p\u00ebrfundimtar ky rast, megjith\u00ebse jan\u00eb n\u00eb pritje t\u00eb p\u00ebrgjigjes nga Gjykata Kushtetuese.<\/strong><\/p>\n<p>N\u00eb Bjeshk\u00ebt e Strellcit t\u00eb komun\u00ebs s\u00eb De\u00e7anit dyshohet se q\u00ebndroi p\u00ebr rreth 6 jav\u00eb trupi i Donjeta Pajazitajt, gjat\u00eb vitit 2015.<\/p>\n<div class=\"code-block code-block-43 code-block-pas-paragrafit-2t-inarticle\"><\/div>\n<p>Pas 6 jav\u00ebsh, trupi i 24 vje\u00e7ares s\u00eb vrar\u00eb ishte gjetur.<\/p>\n<p>Tet\u00eb vjet m\u00eb von\u00eb, ende nuk dihet se si kishte ndodhur rasti, dhe m\u00eb e r\u00ebnd\u00ebsishmja, kush ishte autori i vrasjes.<\/p>\n<p>Familja e Donjeta Pajazitajt, thot\u00eb se ndon\u00ebse \u00ebsht\u00eb zbehur shpresa se ky rast do marr epilog, shtojn\u00eb se jan\u00eb duke pritur vendimin e Gjykat\u00ebs Kushtetuese.<\/p>\n<p>Sipas v\u00ebllait t\u00eb saj k\u00ebto vite kan\u00eb qen\u00eb shum\u00eb t\u00eb v\u00ebshtira p\u00ebr t\u00eb, e sidomos p\u00ebr prind\u00ebrit e Donjet\u00ebs.<\/p>\n<p>\u201cPo shpresoj q\u00eb ka me pas drejt\u00ebsi, edhe pse shpresat dhe besimi n\u00eb drejt\u00ebsin\u00eb e Kosov\u00ebs, nga ne si familje \u00ebsht\u00eb i humbur. Kemi d\u00ebrguar ankes\u00eb n\u00eb Gjykat\u00ebn Kushtetuese, po shpresojm\u00eb q\u00eb kjo gjykat\u00eb ka me vler\u00ebsuar n\u00eb m\u00ebnyr\u00eb sa m\u00eb t\u00eb drejt\u00eb, faktet dhe provat e mbledhura nga prokuroria dhe hetuesit, shpresa \u00ebsht\u00eb shum\u00eb e vog\u00ebl\u201d, tha p\u00ebr RTV Dukagjinin Shkelqim Pajazitaj \u2013 v\u00ebllai i Donjeta Pajazitajt.<\/p>\n<p>P\u00ebr vrasjen e Donjet\u00ebs, p\u00ebr m\u00eb shum\u00eb se 7 vite q\u00ebndroi n\u00eb burg, e 3 her\u00eb u d\u00ebnua me burgim t\u00eb p\u00ebrjetsh\u00ebm kush\u00ebriri i saj Naser Pajazitaj, p\u00ebr t\u2019u liruar s\u00eb fundmi nga Gjykata Supreme n\u00eb munges\u00eb provash.<\/p>\n<p>Mbrojtja e tij, p\u00ebrmendin v\u00ebshtir\u00ebsit\u00eb q\u00eb do t\u00eb ket\u00eb prokuroria n\u00eb zbulimin e autor\u00ebve t\u00eb v\u00ebrtet\u00eb, duke p\u00ebrmendur k\u00ebtu koh\u00ebn e kaluar nga vrasja, derisa thon\u00eb se presin drejt\u00ebsi p\u00ebr rastin.<\/p>\n<p>\u201cPresim q\u00eb t\u00eb ket\u00eb drejt\u00ebsi, \u00ebsht\u00eb pun\u00eb e organeve t\u00eb drejt\u00ebsis\u00eb, p\u00ebrkat\u00ebsisht prokuroris\u00eb q\u00eb t\u00eb zhvilloj\u00eb hetimet lidhur me k\u00ebt\u00eb rast dhe e kam th\u00ebn\u00eb edhe m\u00eb her\u00ebt dhe e rip\u00ebrs\u00ebris\u00eb prap q\u00eb p\u00ebr ne si mbrojtje lirimi i Naserit nuk \u00ebsht\u00eb i plot\u00eb p\u00ebrderisa vras\u00ebsit e v\u00ebrtet\u00eb t\u00eb Donjet\u00ebs t\u00eb gjinden dhe t\u00eb vihen para drejt\u00ebsis\u00eb\u2026Kan\u00eb humbur koh\u00eb dhe pistat e tjera dhe provat e tjera kan\u00eb mundur q\u00eb t\u00eb zhduken t\u00eb vjet\u00ebrsohen, t\u00eb asgj\u00ebsohen dhe e kam th\u00ebn\u00eb q\u00eb prokuroria ka humbur koh\u00eb p\u00ebr 7 vite e gjysm\u00eb\u201d, tha Ahmet Tahiri \u2013 avokat i Naser Pajazitajt.<\/p>\n<p>Nga Prokuroria Themelore e Pej\u00ebs, e cila \u00ebsht\u00eb duke e hetuar k\u00ebt\u00eb rast, nuk jan\u00eb p\u00ebrgjigjur p\u00ebr k\u00ebt\u00eb.<\/p>\n<p>Bazuar n\u00eb aktakuz\u00ebn, e Prokuroris\u00eb s\u00eb Kosov\u00ebs, thuhej se m\u00eb 9 n\u00ebntor t\u00eb 2015 derisa Donjeta 24-vje\u00e7are po shkonte at\u00eb dit\u00eb n\u00eb pun\u00eb, e nj\u00ebjta ishte marr\u00eb dhe ishte d\u00ebrguar tek vendi i quajtur \u201cKroi i lajthis\u00eb\u201d n\u00eb bjeshk\u00ebt e Strellcit, ku ishte vrar\u00eb me dy plumba n\u00eb kok\u00eb, p\u00ebr t\u2019u gjetur trupi i saj gati gjasht\u00eb jav\u00eb m\u00eb von\u00eb.<\/p>\n","protected":false},"excerpt":{"rendered":"<p>Jan\u00eb b\u00ebr\u00eb 8 vjet q\u00eb nga vrasja e Donjeta Pajazitajt. Por vrasja e saj, mbetet&#8230;<\/p>\n","protected":false},"author":1,"featured_media":0,"comment_status":"open","ping_status":"open","sticky":false,"template":"","format":"standard","meta":{"om_disable_all_campaigns":false,"_monsterinsights_skip_tracking":false,"_monsterinsights_sitenote_active":false,"_monsterinsights_sitenote_note":"","_monsterinsights_sitenote_category":0,"_uf_show_specific_survey":0,"_uf_disable_surveys":false,"footnotes":""},"categories":[1],"tags":[],"class_list":["post-6369","post","type-post","status-publish","format-standard","hentry","category-uncategorized"],"aioseo_notices":[],"views":27,"_links":{"self":[{"href":"https:\/\/used82.com\/index.php?rest_route=\/wp\/v2\/posts\/6369","targetHints":{"allow":["GET"]}}],"collection":[{"href":"https:\/\/used82.com\/index.php?rest_route=\/wp\/v2\/posts"}],"about":[{"href":"https:\/\/used82.com\/index.php?rest_route=\/wp\/v2\/types\/post"}],"author":[{"embeddable":true,"href":"https:\/\/used82.com\/index.php?rest_route=\/wp\/v2\/users\/1"}],"replies":[{"embeddable":true,"href":"https:\/\/used82.com\/index.php?rest_route=%2Fwp%2Fv2%2Fcomments&post=6369"}],"version-history":[{"count":0,"href":"https:\/\/used82.com\/index.php?rest_route=\/wp\/v2\/posts\/6369\/revisions"}],"wp:attachment":[{"href":"https:\/\/used82.com\/index.php?rest_route=%2Fwp%2Fv2%2Fmedia&parent=6369"}],"wp:term":[{"taxonomy":"category","embeddable":true,"href":"https:\/\/used82.com\/index.php?rest_route=%2Fwp%2Fv2%2Fcategories&post=6369"},{"taxonomy":"post_tag","embeddable":true,"href":"https:\/\/used82.com\/index.php?rest_route=%2Fwp%2Fv2%2Ftags&post=6369"}],"curies":[{"name":"wp","href":"https:\/\/api.w.org\/{rel}","templated":true}]}}