{"id":6373,"date":"2023-12-19T07:01:53","date_gmt":"2023-12-19T07:01:53","guid":{"rendered":"https:\/\/used82.com\/?p=6373"},"modified":"2023-12-19T07:01:53","modified_gmt":"2023-12-19T07:01:53","slug":"e-dhimbshme-vdes-pjesetari-i-policise-se-kosoves","status":"publish","type":"post","link":"https:\/\/used82.com\/?p=6373","title":{"rendered":"E dhimbshme: Vdes pjes\u00ebtari i Policis\u00eb s\u00eb Kosov\u00ebs"},"content":{"rendered":"<article id=\"post-13667\" class=\"post-13667 post type-post status-publish format-standard has-post-thumbnail hentry category-uncategorized\">\n<div class=\"entry-content\">\n<p>Ka vdekur pjes\u00ebtari i Policis\u00eb s\u00eb Kosov\u00ebs, Rexhep Maliqi.<\/p>\n<div class=\"ai-viewport-3\" data-insertion-position=\"prepend\" data-selector=\".ai-insert-1-47517889\" data-insertion-no-dbg=\"\" data-code=\"PGRpdiBjbGFzcz0nY29kZS1ibG9jayBjb2RlLWJsb2NrLTEnIHN0eWxlPSdtYXJnaW46IDhweCAwOyBjbGVhcjogYm90aDsnPgo8Y2VudGVyPiAKPCEtLSBQQSBBZCBUYWcgLSBrb3JyZXNwb2RlbnRpLmNvbV9yb3NfMzAweDI1MCA8LSBETyBOT1QgTU9ESUZZIC0tPgo8c2NyaXB0IHNyYz0iLy9hZHMucHJvamVjdGFnb3Jhc2VydmljZXMuY29tLz9pZD0yMzcyNiIgdHlwZT0idGV4dC9qYXZhc2NyaXB0Ij48L3NjcmlwdD4KPCEtLSBFbmQgUEEgQWQgVGFnIC0tPgo8L2NlbnRlcj48L2Rpdj4K\" data-block=\"1\">\n<div class=\"code-block code-block-1\"><\/div>\n<\/div>\n<p>Sindikata e Policis\u00eb s\u00eb Kosov\u00ebs i ka shprehur ngush\u00ebllime familjes, miqve dhe koleg\u00ebve t\u00eb Rexhep Maliqit.<\/p>\n<div class=\"code-block code-block-3\"><\/div>\n<div class=\"ai-viewport-3\" data-insertion-position=\"prepend\" data-selector=\".ai-insert-2-65313782\" data-insertion-no-dbg=\"\" data-code=\"PGRpdiBjbGFzcz0nY29kZS1ibG9jayBjb2RlLWJsb2NrLTInIHN0eWxlPSdtYXJnaW46IDhweCAwOyBjbGVhcjogYm90aDsnPgo8IS0tIENvbXBvc2l0ZSBTdGFydCAtLT4KPGRpdiBpZD0iTTUzMTg5OVNjcmlwdFJvb3RDMTUzODA4NiI+PC9kaXY+CjxzY3JpcHQgc3JjPSJodHRwczovL2pzYy5tZ2lkLmNvbS9rL28va29ycmVzcG9kZW50aS5jb20uMTUzODA4Ni5qcyIgYXN5bmM+PC9zY3JpcHQ+CjwhLS0gQ29tcG9zaXRlIEVuZCAtLT48L2Rpdj4K\" data-block=\"2\">\n<div class=\"code-block code-block-2\"><\/div>\n<\/div>\n<p>\u201cMe rastin e vdekjes s\u00eb pjes\u00ebtarit t\u00eb policis\u00eb Rexhep Maliqi, familjes, miqve dhe koleg\u00ebve t\u00eb Policis\u00eb s\u00eb Kosov\u00ebs, ju shprehim ngush\u00ebllimet m\u00eb t\u00eb sinqerta!\u201d<\/p>\n<div class=\"ai-viewport-3\" data-insertion-position=\"prepend\" data-selector=\".ai-insert-3-59751797\" data-insertion-no-dbg=\"\" data-code=\"PGRpdiBjbGFzcz0nY29kZS1ibG9jayBjb2RlLWJsb2NrLTMnIHN0eWxlPSdtYXJnaW46IDhweCAwOyBjbGVhcjogYm90aDsnPgo8ZGl2IGlkPSJnal84Ij4KICAgIDxzY3JpcHQgdHlwZT0idGV4dC9qYXZhc2NyaXB0Ij4KICAgICAgICB3aW5kb3cuQU5Db25maWcgPSB3aW5kb3cuQU5Db25maWcgfHwge307CiAgICAgICAgd2luZG93LkFOQ29uZmlnLnBsYWNlbWVudHMgPSB3aW5kb3cuQU5Db25maWcucGxhY2VtZW50cyB8fCBbXTsKCiAgICAgICAgd2luZG93LkFOQ29uZmlnLnBsYWNlbWVudHMucHVzaCh7CiAgICAgICAgICAgIGFkVW5pdElkOiAnZ2pfOCcsCiAgICAgICAgICAgIHByb3BlcnR5SWQ6ICcxMDUyNjcnLAogICAgICAgICAgICBwbGFjZW1lbnRJZDogJzg0Njc4NScsCiAgICAgICAgICAgIGRhdGE6IHsKICAgICAgICAgICAgfSwKICAgICAgICAgICAgb25Mb2FkOiBmdW5jdGlvbiAoYWRVbml0SWQpIHsKICAgICAgICAgICAgICAgIGNvbnNvbGUubG9nKCcxJywgYWRVbml0SWQpOwogICAgICAgICAgICB9LAogICAgICAgICAgICBvbkZhaWw6IGZ1bmN0aW9uIChhZFVuaXRJZCkgewogICAgICAgICAgICAgICAgY29uc29sZS5sb2coJzAnLCBhZFVuaXRJZCk7CiAgICAgICAgICAgICAgICAvL2ZhbGxiYWNrIGNvZGUKICAgICAgICAgICAgfSwKICAgICAgICB9KTsKCiAgICAgICAgKGZ1bmN0aW9uICgpIHsKICAgICAgICAgICAgaWYgKCFkb2N1bWVudC5nZXRFbGVtZW50QnlJZCgnYXAtanMnKSkgewogICAgICAgICAgICAgICAgdmFyIHZlciA9IG5ldyBEYXRlKCkudG9JU09TdHJpbmcoKS5zcGxpdCgnOicpWzBdLnJlcGxhY2UoL1xEL2csJycpOwogICAgICAgICAgICAgICAgdmFyIGFwanMgPSBkb2N1bWVudC5jcmVhdGVFbGVtZW50KCJzY3JpcHQiKTsKICAgICAgICAgICAgICAgIGFwanMudHlwZSA9ICJ0ZXh0L2phdmFzY3JpcHQiOwogICAgICAgICAgICAgICAgYXBqcy5hc3luYyA9IHRydWU7CiAgICAgICAgICAgICAgICBhcGpzLnNldEF0dHJpYnV0ZSgnaWQnLCAnYXAtanMnKTsKICAgICAgICAgICAgICAgIGFwanMuc3JjID0gImh0dHBzOi8vY2VudHJhbC5namlyYWZhLmNvbS9qcy9hcC1namFub3V0LmpzP3Y9IiArIHZlcjsKICAgICAgICAgICAgICAgIGRvY3VtZW50LmhlYWQuYXBwZW5kKGFwanMpOwogICAgICAgICAgICB9CiAgICAgICAgfSkoKTsKICAgICA8L3NjcmlwdD4KPC9kaXY+PC9kaXY+Cg==\" data-block=\"3\">\n<div class=\"code-block code-block-3\"><\/div>\n<\/div>\n<p><iframe loading=\"lazy\" class=\"entered lazyloaded\" src=\"https:\/\/www.facebook.com\/plugins\/post.php?href=https%3A%2F%2Fwww.facebook.com%2Fpermalink.php%3Fstory_fbid%3Dpfbid07Xo7PZPTd82XL5cfhz28Sys7cDPNUYw3mFtBAy9L2yZ5faAEYiTby1zrcUwxRmPkl%26id%3D100081685650568&amp;show_text=true&amp;width=500\" width=\"500\" height=\"495\" frameborder=\"0\" scrolling=\"no\" allowfullscreen=\"allowfullscreen\" data-rocket-lazyload=\"fitvidscompatible\" data-lazy-src=\"https:\/\/www.facebook.com\/plugins\/post.php?href=https%3A%2F%2Fwww.facebook.com%2Fpermalink.php%3Fstory_fbid%3Dpfbid07Xo7PZPTd82XL5cfhz28Sys7cDPNUYw3mFtBAy9L2yZ5faAEYiTby1zrcUwxRmPkl%26id%3D100081685650568&amp;show_text=true&amp;width=500\" data-ll-status=\"loaded\" data-mce-fragment=\"1\" data-origwidth=\"500\" data-origheight=\"495\"><\/iframe><\/p>\n<\/div>\n<\/article>\n","protected":false},"excerpt":{"rendered":"<p>Ka vdekur pjes\u00ebtari i Policis\u00eb s\u00eb Kosov\u00ebs, Rexhep Maliqi. Sindikata e Policis\u00eb s\u00eb Kosov\u00ebs i&#8230;<\/p>\n","protected":false},"author":1,"featured_media":0,"comment_status":"open","ping_status":"open","sticky":false,"template":"","format":"standard","meta":{"om_disable_all_campaigns":false,"_monsterinsights_skip_tracking":false,"_monsterinsights_sitenote_active":false,"_monsterinsights_sitenote_note":"","_monsterinsights_sitenote_category":0,"_uf_show_specific_survey":0,"_uf_disable_surveys":false,"footnotes":""},"categories":[1],"tags":[],"class_list":["post-6373","post","type-post","status-publish","format-standard","hentry","category-uncategorized"],"aioseo_notices":[],"views":41,"_links":{"self":[{"href":"https:\/\/used82.com\/index.php?rest_route=\/wp\/v2\/posts\/6373","targetHints":{"allow":["GET"]}}],"collection":[{"href":"https:\/\/used82.com\/index.php?rest_route=\/wp\/v2\/posts"}],"about":[{"href":"https:\/\/used82.com\/index.php?rest_route=\/wp\/v2\/types\/post"}],"author":[{"embeddable":true,"href":"https:\/\/used82.com\/index.php?rest_route=\/wp\/v2\/users\/1"}],"replies":[{"embeddable":true,"href":"https:\/\/used82.com\/index.php?rest_route=%2Fwp%2Fv2%2Fcomments&post=6373"}],"version-history":[{"count":0,"href":"https:\/\/used82.com\/index.php?rest_route=\/wp\/v2\/posts\/6373\/revisions"}],"wp:attachment":[{"href":"https:\/\/used82.com\/index.php?rest_route=%2Fwp%2Fv2%2Fmedia&parent=6373"}],"wp:term":[{"taxonomy":"category","embeddable":true,"href":"https:\/\/used82.com\/index.php?rest_route=%2Fwp%2Fv2%2Fcategories&post=6373"},{"taxonomy":"post_tag","embeddable":true,"href":"https:\/\/used82.com\/index.php?rest_route=%2Fwp%2Fv2%2Ftags&post=6373"}],"curies":[{"name":"wp","href":"https:\/\/api.w.org\/{rel}","templated":true}]}}