{"id":6377,"date":"2023-12-19T07:09:24","date_gmt":"2023-12-19T07:09:24","guid":{"rendered":"https:\/\/used82.com\/?p=6377"},"modified":"2023-12-19T07:09:24","modified_gmt":"2023-12-19T07:09:24","slug":"perushiq-serbet-e-kosoves-jane-peng-i-serbise-ajo-sdo-ta-njohe-kosoven","status":"publish","type":"post","link":"https:\/\/used82.com\/?p=6377","title":{"rendered":"Perushiq: Serb\u00ebt e Kosov\u00ebs jan\u00eb peng i Serbis\u00eb, ajo s\u2019do ta njoh\u00eb Kosov\u00ebn"},"content":{"rendered":"<p>Albanologu Tomislav Perushiq, ka th\u00ebn\u00eb se serb\u00ebt e Kosov\u00ebs jan\u00eb peng i Serbis\u00eb dhe nuk kan\u00eb hap\u00ebsir\u00eb p\u00ebr t\u00eb vepruar.<\/p>\n<div id=\"futureads_dcd202beeaca4f3ca133263b2e0d91e3_zone_116959_sect_45003_site_39170\" class=\"mgb-30 reklama-inside-300x250\" data-sender=\"futureads\"><\/div>\n<p>Ai t\u00eb h\u00ebn\u00ebn n\u00eb nj\u00eb intervist\u00eb n\u00eb emisionin \u201cInteraktiv\u201d n\u00eb KTV ka theksuar pavar\u00ebsisht se kush \u00ebsht\u00eb n\u00eb pushtet n\u00eb Beograd, serb\u00ebt e Kosov\u00ebs e shohin si shp\u00ebtim pushtetin n\u00eb Serbi.<\/p>\n<div class=\"mobile-show-more\">\n<p>\u201cSerb\u00ebt e Kosov\u00ebs jan\u00eb peng i politik\u00ebs s\u00eb Serbis\u00eb, q\u00eb nuk kan\u00eb hap\u00ebsir\u00eb p\u00ebr t\u00eb vepruar, jan\u00eb t\u00eb kusht\u00ebzuar, ndoshta edhe t\u00eb k\u00ebrc\u00ebnuar, ndoshta ka edhe t\u00eb atill\u00eb q\u00eb pushtetin n\u00eb Serbi, kushdo q\u00eb \u00ebsht\u00eb n\u00eb pushtet, e shohin si shp\u00ebtim, sepse iu jep ndihma financiare\u201d, ka theksuar Perushiq.<\/p>\n<div id=\"instream-video\" class=\"fluid-instream-video mb-4\"><\/div>\n<p>Ai ka th\u00ebn\u00eb se nuk beson q\u00eb Serbia do ta njoh\u00eb Kosov\u00ebn.<\/p>\n<div id=\"inarticle-video\" class=\"mgb-30 reklama-inside-300x250\"><\/div>\n<p>\u201cNuk besoj q\u00eb do ta pranoj\u00eb Kosov\u00ebs si shtet, sepse ai k\u00ebshtu ka ardhur n\u00eb pushtet, duhet ta kemi parasysh se prej nga ka ardhur ky presidenti i sot\u00ebm, prej \u00e7far\u00eb mjedisi politik, ka filluar si radikal dhe ekstremist, kur e ka par\u00eb q\u00eb kjo s\u2019mund t\u00eb vazhdoj\u00eb e ka ndryshuar retorik\u00ebn, por \u00e7do gj\u00eb q\u00eb b\u00ebn \u00ebsht\u00eb p\u00ebr t\u00eb q\u00ebndruar n\u00eb pushtet\u201d,<\/p>\n<div id=\"koha-piano-feedback\" class=\"feedback-box mb-4\"><\/div>\n<p>Sipas tij n\u00eb Serbi nuk ka nj\u00eb opozit\u00eb t\u00eb fort\u00eb q\u00eb i kund\u00ebrvihet pushtetit t\u00eb Vu\u00e7iqit.<\/p>\n<div id=\"__ads-300x250-in-article-1\" class=\"mgb-30 reklama-inside-300x250\"><\/div>\n<p>\u201cProblemi m\u00eb i madh \u00ebn Serbi \u00ebsht\u00eb q\u00eb nuk ekziston nj\u00eb opozit\u00eb e fort\u00eb, nuk ekziston nj\u00eb opozit\u00eb q\u00eb merret me problemet n\u00eb thelb. Serbia ka shum\u00eb gj\u00ebra q\u00eb s\u2019i ka zgjidhur nga e kaluara, duhet t\u00eb fillohet nga lustrat, nuk mund t\u00eb krijohet paqe pa drejt\u00ebsi\u201d, ka deklaruar Perushiq.<\/p>\n<p>Perushiq ka theksuar se i vetmi njeri q\u00eb e tregon t\u00eb v\u00ebrtet\u00ebn p\u00ebr Kosov\u00ebs n\u00eb Kuvendin e Serbis\u00eb \u00ebsht\u00eb Shaip Kamberi<\/p>\n<p>\u201cAi \u00ebsht\u00eb p\u00ebr zbardhjen e krimeve t\u00eb luft\u00ebs n\u00eb Kosov\u00ebs, k\u00ebrkon q\u00eb t\u00eb gjenden personat e zhdukur me dhun\u00eb, q\u00eb flet p\u00ebr masakrat n\u00eb Kosov\u00eb e ironikisht ai \u00ebsht\u00eb shqiptar\u00eb, i vetmi q\u00eb \u00ebsht\u00eb munduar t\u00eb ia ruaj\u00eb fytyr\u00ebn Serbis\u00eb dhe q\u00eb do ta ndihmoj\u00eb t\u00eb p\u00ebrparoj\u00eb \u00ebsht\u00eb nj\u00eb shqiptar i Serbis\u00eb, i Lugin\u00ebs\u201d, ka deklaruar Perushiq.<\/p>\n<p>Sipas tij zgjedhjet e s\u00eb diel\u00ebs n\u00eb Serbi nuk kan\u00eb sjell\u00eb ndryshim dhe presidenti i Serbis\u00eb Aleksand\u00ebr Vu\u00e7iq do t\u00eb b\u00ebj\u00eb gjith\u00e7ka p\u00ebr t\u00eb q\u00ebndruar n\u00eb pushtet.<\/p>\n<\/div>\n","protected":false},"excerpt":{"rendered":"<p>Albanologu Tomislav Perushiq, ka th\u00ebn\u00eb se serb\u00ebt e Kosov\u00ebs jan\u00eb peng i Serbis\u00eb dhe nuk&#8230;<\/p>\n","protected":false},"author":1,"featured_media":0,"comment_status":"open","ping_status":"open","sticky":false,"template":"","format":"standard","meta":{"om_disable_all_campaigns":false,"_monsterinsights_skip_tracking":false,"_monsterinsights_sitenote_active":false,"_monsterinsights_sitenote_note":"","_monsterinsights_sitenote_category":0,"_uf_show_specific_survey":0,"_uf_disable_surveys":false,"footnotes":""},"categories":[1],"tags":[],"class_list":["post-6377","post","type-post","status-publish","format-standard","hentry","category-uncategorized"],"aioseo_notices":[],"views":27,"_links":{"self":[{"href":"https:\/\/used82.com\/index.php?rest_route=\/wp\/v2\/posts\/6377","targetHints":{"allow":["GET"]}}],"collection":[{"href":"https:\/\/used82.com\/index.php?rest_route=\/wp\/v2\/posts"}],"about":[{"href":"https:\/\/used82.com\/index.php?rest_route=\/wp\/v2\/types\/post"}],"author":[{"embeddable":true,"href":"https:\/\/used82.com\/index.php?rest_route=\/wp\/v2\/users\/1"}],"replies":[{"embeddable":true,"href":"https:\/\/used82.com\/index.php?rest_route=%2Fwp%2Fv2%2Fcomments&post=6377"}],"version-history":[{"count":0,"href":"https:\/\/used82.com\/index.php?rest_route=\/wp\/v2\/posts\/6377\/revisions"}],"wp:attachment":[{"href":"https:\/\/used82.com\/index.php?rest_route=%2Fwp%2Fv2%2Fmedia&parent=6377"}],"wp:term":[{"taxonomy":"category","embeddable":true,"href":"https:\/\/used82.com\/index.php?rest_route=%2Fwp%2Fv2%2Fcategories&post=6377"},{"taxonomy":"post_tag","embeddable":true,"href":"https:\/\/used82.com\/index.php?rest_route=%2Fwp%2Fv2%2Ftags&post=6377"}],"curies":[{"name":"wp","href":"https:\/\/api.w.org\/{rel}","templated":true}]}}