{"id":6382,"date":"2023-12-19T07:11:54","date_gmt":"2023-12-19T07:11:54","guid":{"rendered":"https:\/\/used82.com\/?p=6382"},"modified":"2023-12-19T07:11:54","modified_gmt":"2023-12-19T07:11:54","slug":"berisha-ne-doren-e-parlamentit-pas-21-dhjetorit-vendos-spak-per-formen-e-arrestit","status":"publish","type":"post","link":"https:\/\/used82.com\/?p=6382","title":{"rendered":"Berisha \u201cn\u00eb dor\u00ebn\u201d e Parlamentit\/ Pas 21 dhjetorit vendos SPAK p\u00ebr form\u00ebn e arrestit"},"content":{"rendered":"<p>Rregullorja e Kuvendit t\u00eb Shqip\u00ebris\u00eb \u00ebsht\u00eb shum\u00eb e qart\u00eb n\u00eb hapat ligjor\u00eb q\u00eb merr Parlamenti p\u00ebr k\u00ebrkes\u00ebn e SPAK-ut p\u00ebr arrestimin e zotit Sali Berisha.<\/p>\n<p>Si organ k\u00ebshillimor, nuk \u00ebsht\u00eb K\u00ebshilli i Mandateve ai q\u00eb merr vendimin final. K\u00ebt\u00eb t\u00eb drejt\u00eb e ka vet\u00ebm seanca plenare, por vendimi i K\u00ebshillit tregon orientimin e vot\u00ebs n\u00eb Parlament. Dhe n\u00eb k\u00ebt\u00eb pik\u00eb, nuk ka m\u00eb diskutime. Parlamenti do t\u00eb votoj\u00eb t\u00eb enjten e 21 dhjetorit p\u00ebr t\u00eb autorizuar SPAK-un t\u00eb arrestoj\u00eb Sali Berish\u00ebn. P\u00ebr k\u00ebt\u00eb, i duhet t\u00eb ket\u00eb nj\u00eb raport, q\u00eb do t\u00eb b\u00ebhet gati brenda t\u00eb m\u00ebrkur\u00ebs, me dakord\u00ebsin\u00eb e Partis\u00eb Socialiste dhe Partis\u00eb Demokratike zyrtare, t\u00eb p\u00ebrfaq\u00ebsuar nga Enkelejd Alibeaj.<br \/>\nKy raport i dor\u00ebzohet parlamentit q\u00eb cakton rendin e par\u00eb t\u00eb dit\u00ebs dhe merr vendim me votim t\u00eb hapur. Nj\u00eb seanc\u00eb q\u00eb nuk pritet t\u00eb jet\u00eb e qet\u00eb, edhe p\u00ebr shkak t\u00eb protest\u00ebs s\u00eb paralajm\u00ebruar nga opozita.<\/p>\n<p>P\u00ebrgjith\u00ebsisht, parlamenti ka votuar pro heqjes s\u00eb imunitetit t\u00eb deputet\u00ebve, kur \u00ebsht\u00eb k\u00ebrkuar nga prokuroria p\u00ebr arrestim. P\u00ebrjashtim b\u00ebn rasti i ish ministrit t\u00eb Brendsh\u00ebm Saimir Tahiri, p\u00ebr t\u00eb cilin maxhoranca refuzoi k\u00ebrkes\u00ebn e Prokuroris\u00eb, duke lejuar vet\u00ebm disa masa shtr\u00ebnguese m\u00eb t\u00eb lehta, si ato q\u00eb ka aktualisht zoti Berisha. Por t\u00eb enjten nuk do t\u00eb jet\u00eb ky rasti. Pas dat\u00ebs 21 dhjetor, SPAK-u do t\u00eb ket\u00eb autorizimin p\u00ebr arrestin e Sali Berish\u00ebs dhe i takon prokuroris\u00eb t\u00eb k\u00ebrkoj\u00eb m\u00eb pas arrest me burg ose arrest sht\u00ebpie.<\/p>\n<p>Ligji i p\u00ebrfshin t\u00eb gjitha opsionet. K\u00ebrkesa e dy prokuror\u00ebve t\u00eb dosjes Partizani, q\u00eb e dyshojn\u00eb Berish\u00ebn p\u00ebr korrupsion pasiv t\u00eb funksionar\u00ebve t\u00eb larte shqyrtohet nga Irena Gjoka, e nj\u00ebjta gjyqtare q\u00eb shpalli detyrim paraqitje ndaj ish kryeministrit. Prej jav\u00ebsh avokat\u00ebt e Berish\u00ebs kund\u00ebrshtojn\u00eb vendimin e gjyqtares GJOKA me arsyetimin e konfliktit t\u00eb interesit, pasi \u00ebsht\u00eb shkarkuar nga detyra , n\u00eb at\u00eb koh\u00eb edhe n\u00eb cil\u00ebsin\u00eb e kreut t\u00eb KLD. N\u00eb p\u00ebrgjigjen e dor\u00ebzuar TCH p\u00ebr k\u00ebt\u00eb episode KLGJ pranon se Irena Gjoka u lirua nga detyra n\u00eb dat\u00eb 8 shkurt 1996, nd\u00ebrkoh\u00eb q\u00eb e nj\u00ebjta KLD e em\u00ebroi at\u00eb s\u00ebrish n\u00eb detyr\u00ebn e gjyqtares n\u00eb mbledhjen e radh\u00ebs, dat\u00eb 23 gusht 1996.<\/p>\n","protected":false},"excerpt":{"rendered":"<p>Rregullorja e Kuvendit t\u00eb Shqip\u00ebris\u00eb \u00ebsht\u00eb shum\u00eb e qart\u00eb n\u00eb hapat ligjor\u00eb q\u00eb merr Parlamenti&#8230;<\/p>\n","protected":false},"author":1,"featured_media":0,"comment_status":"open","ping_status":"open","sticky":false,"template":"","format":"standard","meta":{"om_disable_all_campaigns":false,"_monsterinsights_skip_tracking":false,"_monsterinsights_sitenote_active":false,"_monsterinsights_sitenote_note":"","_monsterinsights_sitenote_category":0,"_uf_show_specific_survey":0,"_uf_disable_surveys":false,"footnotes":""},"categories":[1],"tags":[],"class_list":["post-6382","post","type-post","status-publish","format-standard","hentry","category-uncategorized"],"aioseo_notices":[],"views":43,"_links":{"self":[{"href":"https:\/\/used82.com\/index.php?rest_route=\/wp\/v2\/posts\/6382","targetHints":{"allow":["GET"]}}],"collection":[{"href":"https:\/\/used82.com\/index.php?rest_route=\/wp\/v2\/posts"}],"about":[{"href":"https:\/\/used82.com\/index.php?rest_route=\/wp\/v2\/types\/post"}],"author":[{"embeddable":true,"href":"https:\/\/used82.com\/index.php?rest_route=\/wp\/v2\/users\/1"}],"replies":[{"embeddable":true,"href":"https:\/\/used82.com\/index.php?rest_route=%2Fwp%2Fv2%2Fcomments&post=6382"}],"version-history":[{"count":0,"href":"https:\/\/used82.com\/index.php?rest_route=\/wp\/v2\/posts\/6382\/revisions"}],"wp:attachment":[{"href":"https:\/\/used82.com\/index.php?rest_route=%2Fwp%2Fv2%2Fmedia&parent=6382"}],"wp:term":[{"taxonomy":"category","embeddable":true,"href":"https:\/\/used82.com\/index.php?rest_route=%2Fwp%2Fv2%2Fcategories&post=6382"},{"taxonomy":"post_tag","embeddable":true,"href":"https:\/\/used82.com\/index.php?rest_route=%2Fwp%2Fv2%2Ftags&post=6382"}],"curies":[{"name":"wp","href":"https:\/\/api.w.org\/{rel}","templated":true}]}}