{"id":6386,"date":"2023-12-19T08:36:02","date_gmt":"2023-12-19T08:36:02","guid":{"rendered":"https:\/\/used82.com\/?p=6386"},"modified":"2023-12-19T08:36:02","modified_gmt":"2023-12-19T08:36:02","slug":"rritja-pa-prezencen-e-nenes-rrefimi-emocional-i-kaderit-video","status":"publish","type":"post","link":"https:\/\/used82.com\/?p=6386","title":{"rendered":"Rritja pa prezenc\u00ebn e n\u00ebn\u00ebs \u2013 rr\u00ebfimi emocional i Kaderit (VIDEO)"},"content":{"rendered":"<article id=\"post-13703\" class=\"post-13703 post type-post status-publish format-standard has-post-thumbnail hentry category-uncategorized\">\n<div class=\"entry-content\">\n<p>Spektakli i sot\u00ebm \u2018Prime\u2019 n\u00eb Big Brother VIP Kosova, ka sjell\u00eb nj\u00eb prej rr\u00ebfimeve m\u00eb emocionale, at\u00eb t\u00eb Kaderit.<\/p>\n<p>Kaderi ka rr\u00ebfyer n\u00ebn emocione e lot, jet\u00ebn e saj q\u00eb prej lindjes.<\/p>\n<div class=\"code-block code-block-3\"><\/div>\n<p>Ajo ka zbuluar se n\u00ebna e saj e kishte braktisur, dhe nuk ishte kujdesur kurr\u00eb m\u00eb p\u00ebr t\u00eb.<\/p>\n<p>P\u00ebr Kaderin ishin kujdesur gjysh\u00ebrit e saj dhe xhaxhai, pasi babai ka emigruar p\u00ebr n\u00eb Gjermani.<\/p>\n<div class=\"code-block code-block-4\"><\/div>\n<p>Kader, ka zbuluar edhe situatat e palakmueshme p\u00ebrgjat\u00eb periudh\u00ebs s\u00eb f\u00ebmij\u00ebris\u00eb s\u00eb saj n\u00eb raport me shok\u00ebt e shoqet.<\/p>\n<div class=\"code-block code-block-5\"><\/div>\n<p>Por, p\u00ebr t\u2019i shuar t\u00eb gjitha pyetjet e juaja, ndiqini videot n\u00eb lin\u00e7et e m\u00ebposhtme.<\/p>\n<p><iframe loading=\"lazy\" title=\"Kader me rr\u00ebfim emocional p\u00ebr jet\u00ebn e saj!\" src=\"https:\/\/www.youtube.com\/embed\/YaI5VleEUtA?feature=oembed\" width=\"640\" height=\"360\" frameborder=\"0\" allowfullscreen=\"allowfullscreen\" data-mce-fragment=\"1\" data-origwidth=\"640\" data-origheight=\"360\"><\/iframe><\/p>\n<div class=\"code-block code-block-7\"><\/div>\n<p><iframe loading=\"lazy\" title=\"Kader: Nuk ndjej asgj\u00eb p\u00ebr n\u00ebn\u00ebn!\" src=\"https:\/\/www.youtube.com\/embed\/1eL984EbaNo?start=75&amp;feature=oembed\" width=\"640\" height=\"360\" frameborder=\"0\" allowfullscreen=\"allowfullscreen\" data-mce-fragment=\"1\" data-origwidth=\"640\" data-origheight=\"360\"><\/iframe><\/p>\n<\/div>\n<\/article>\n","protected":false},"excerpt":{"rendered":"<p>Spektakli i sot\u00ebm \u2018Prime\u2019 n\u00eb Big Brother VIP Kosova, ka sjell\u00eb nj\u00eb prej rr\u00ebfimeve m\u00eb&#8230;<\/p>\n","protected":false},"author":1,"featured_media":0,"comment_status":"open","ping_status":"open","sticky":false,"template":"","format":"standard","meta":{"om_disable_all_campaigns":false,"_monsterinsights_skip_tracking":false,"_monsterinsights_sitenote_active":false,"_monsterinsights_sitenote_note":"","_monsterinsights_sitenote_category":0,"_uf_show_specific_survey":0,"_uf_disable_surveys":false,"footnotes":""},"categories":[1],"tags":[],"class_list":["post-6386","post","type-post","status-publish","format-standard","hentry","category-uncategorized"],"aioseo_notices":[],"views":29,"_links":{"self":[{"href":"https:\/\/used82.com\/index.php?rest_route=\/wp\/v2\/posts\/6386","targetHints":{"allow":["GET"]}}],"collection":[{"href":"https:\/\/used82.com\/index.php?rest_route=\/wp\/v2\/posts"}],"about":[{"href":"https:\/\/used82.com\/index.php?rest_route=\/wp\/v2\/types\/post"}],"author":[{"embeddable":true,"href":"https:\/\/used82.com\/index.php?rest_route=\/wp\/v2\/users\/1"}],"replies":[{"embeddable":true,"href":"https:\/\/used82.com\/index.php?rest_route=%2Fwp%2Fv2%2Fcomments&post=6386"}],"version-history":[{"count":0,"href":"https:\/\/used82.com\/index.php?rest_route=\/wp\/v2\/posts\/6386\/revisions"}],"wp:attachment":[{"href":"https:\/\/used82.com\/index.php?rest_route=%2Fwp%2Fv2%2Fmedia&parent=6386"}],"wp:term":[{"taxonomy":"category","embeddable":true,"href":"https:\/\/used82.com\/index.php?rest_route=%2Fwp%2Fv2%2Fcategories&post=6386"},{"taxonomy":"post_tag","embeddable":true,"href":"https:\/\/used82.com\/index.php?rest_route=%2Fwp%2Fv2%2Ftags&post=6386"}],"curies":[{"name":"wp","href":"https:\/\/api.w.org\/{rel}","templated":true}]}}