{"id":6388,"date":"2023-12-19T08:37:51","date_gmt":"2023-12-19T08:37:51","guid":{"rendered":"https:\/\/used82.com\/?p=6388"},"modified":"2023-12-19T08:37:51","modified_gmt":"2023-12-19T08:37:51","slug":"mane-rrefimi-i-kaderit-te-jete-kambane-alarmi-per-nenat-e-papergjegjshme","status":"publish","type":"post","link":"https:\/\/used82.com\/?p=6388","title":{"rendered":"Mane: Rr\u00ebfimi i Kaderit, t\u00eb jet\u00eb kamban\u00eb alarmi p\u00ebr n\u00ebnat e pap\u00ebrgjegjshme"},"content":{"rendered":"<article id=\"post-13700\" class=\"post-13700 post type-post status-publish format-standard has-post-thumbnail hentry category-uncategorized\">\n<div class=\"entry-content\">\n<p>Opinionisti i Big Brother VIP Kosova, Bledi Mane, ka komentuar mbi rr\u00ebfimin e Kaderit gjat\u00eb spektaklit t\u00eb sot\u00ebm \u2018Prime\u2019.<\/p>\n<p>Mane ka th\u00ebn\u00eb se nj\u00eb rr\u00ebfim i till\u00eb duhet t\u00eb sh\u00ebrbej\u00eb si \u201ckamban\u00eb alarmi\u201d p\u00ebr t\u00eb gjitha n\u00ebnat q\u00eb heqin dor\u00eb nga p\u00ebrgjegj\u00ebsia mbi rritjen e f\u00ebmij\u00ebve t\u00eb tyre.<\/p>\n<div class=\"code-block code-block-3\"><\/div>\n<p>\u201cLe t\u00eb jet\u00eb rr\u00ebfimi i Kaderit nj\u00eb kamban\u00eb alarmi p\u00ebr t\u00eb gjitha n\u00ebnat e pap\u00ebrgjegjshme q\u00eb braktisin f\u00ebmij\u00ebt n\u00eb nj\u00eb mosh\u00eb delikate. Kuraja e Kaderit tregon se njeriu gjen forc\u00eb brenda veti, dhe b\u00ebhet dikush n\u00eb jet\u00eb. Hyrja e Kaderit n\u00eb BBVK tanim\u00eb ka m\u00eb shum\u00eb vler\u00eb, sepse tani jep mesazhe shum\u00eb t\u00eb forta\u201d, ka th\u00ebn\u00eb Mane.<\/p>\n<p>P\u00ebr m\u00eb shum\u00eb komente, ndiqeni videon n\u00eb linkun e m\u00ebposht\u00ebm.<\/p>\n<div class=\"code-block code-block-4\"><\/div>\n<p><iframe loading=\"lazy\" title=\"Mane: Rr\u00ebfimi i Kader t\u00eb jet\u00eb kamban\u00eb alarmi p\u00ebr n\u00ebnat\" src=\"https:\/\/www.youtube.com\/embed\/bihpXzkcljE?feature=oembed\" width=\"640\" height=\"360\" frameborder=\"0\" allowfullscreen=\"allowfullscreen\" data-mce-fragment=\"1\" data-origwidth=\"640\" data-origheight=\"360\"><\/iframe><\/p>\n<\/div>\n<\/article>\n","protected":false},"excerpt":{"rendered":"<p>Opinionisti i Big Brother VIP Kosova, Bledi Mane, ka komentuar mbi rr\u00ebfimin e Kaderit gjat\u00eb&#8230;<\/p>\n","protected":false},"author":1,"featured_media":0,"comment_status":"open","ping_status":"open","sticky":false,"template":"","format":"standard","meta":{"om_disable_all_campaigns":false,"_monsterinsights_skip_tracking":false,"_monsterinsights_sitenote_active":false,"_monsterinsights_sitenote_note":"","_monsterinsights_sitenote_category":0,"_uf_show_specific_survey":0,"_uf_disable_surveys":false,"footnotes":""},"categories":[1],"tags":[],"class_list":["post-6388","post","type-post","status-publish","format-standard","hentry","category-uncategorized"],"aioseo_notices":[],"views":25,"_links":{"self":[{"href":"https:\/\/used82.com\/index.php?rest_route=\/wp\/v2\/posts\/6388","targetHints":{"allow":["GET"]}}],"collection":[{"href":"https:\/\/used82.com\/index.php?rest_route=\/wp\/v2\/posts"}],"about":[{"href":"https:\/\/used82.com\/index.php?rest_route=\/wp\/v2\/types\/post"}],"author":[{"embeddable":true,"href":"https:\/\/used82.com\/index.php?rest_route=\/wp\/v2\/users\/1"}],"replies":[{"embeddable":true,"href":"https:\/\/used82.com\/index.php?rest_route=%2Fwp%2Fv2%2Fcomments&post=6388"}],"version-history":[{"count":0,"href":"https:\/\/used82.com\/index.php?rest_route=\/wp\/v2\/posts\/6388\/revisions"}],"wp:attachment":[{"href":"https:\/\/used82.com\/index.php?rest_route=%2Fwp%2Fv2%2Fmedia&parent=6388"}],"wp:term":[{"taxonomy":"category","embeddable":true,"href":"https:\/\/used82.com\/index.php?rest_route=%2Fwp%2Fv2%2Fcategories&post=6388"},{"taxonomy":"post_tag","embeddable":true,"href":"https:\/\/used82.com\/index.php?rest_route=%2Fwp%2Fv2%2Ftags&post=6388"}],"curies":[{"name":"wp","href":"https:\/\/api.w.org\/{rel}","templated":true}]}}