{"id":6394,"date":"2023-12-19T18:24:59","date_gmt":"2023-12-19T18:24:59","guid":{"rendered":"https:\/\/used82.com\/?p=6394"},"modified":"2023-12-19T18:24:59","modified_gmt":"2023-12-19T18:24:59","slug":"deputetja-britanike-akuzon-serbine-po-e-strehon-fajtorin-per-vrasjen-e-afrim-bunjakut","status":"publish","type":"post","link":"https:\/\/used82.com\/?p=6394","title":{"rendered":"Deputetja britanike akuzon Serbin\u00eb: Po e strehon fajtorin p\u00ebr vrasjen e Afrim Bunjakut"},"content":{"rendered":"<article id=\"post-13771\" class=\"post-13771 post type-post status-publish format-standard has-post-thumbnail hentry category-uncategorized\">\n<div class=\"entry-content\">\n<p><strong>Deputetja britanike, Alicia Kearns, ka reaguar mbi zhvillimet politike n\u00eb kuad\u00ebr t\u00eb zgjedhjeve n\u00eb Serbi p\u00ebr t\u00eb cilat OSBE raportoi se pati keqp\u00ebrdorime.<\/strong><\/p>\n<div class=\"des-adv\"><\/div>\n<p>Derisa edhe Gjermania zyrtare e quajti t\u00eb papranueshme k\u00ebt\u00eb lloj politike t\u00eb Vu\u00e7iqit, Kearns thot\u00eb se \u00ebsht\u00eb vet\u00eb Serbia ajo q\u00eb tani po strehon fajtorin e vrasjes s\u00eb zyrtarit policor kosovar n\u00eb sulmin serb terrorist n\u00eb Banjsk\u00eb.<\/p>\n<div class=\"code-block code-block-3\"><\/div>\n<div class=\"des-adv shteti\"><\/div>\n<p>\u201dDisa do t\u00eb thoshin gjithashtu se \u00ebsht\u00eb e papranueshme q\u00eb Serbia ndihmoi dhe nxiti nj\u00eb sulm terrorist n\u00eb nj\u00eb vend fqinj\u201d.<\/p>\n<p>Sigurisht q\u00eb tani po strehon njeriun fajtor p\u00ebr vrasjen e nj\u00eb oficeri policie, dy f\u00ebmij\u00ebt e t\u00eb cilit kan\u00eb humbur baban\u00eb e tyre\u201d.<\/p>\n<div class=\"code-block code-block-4\"><\/div>\n<div class=\"twitter-tweet twitter-tweet-rendered\"><iframe id=\"twitter-widget-0\" class=\"\" title=\"X Post\" src=\"https:\/\/platform.twitter.com\/embed\/Tweet.html?creatorScreenName=insajderi&amp;dnt=false&amp;embedId=twitter-widget-0&amp;features=eyJ0ZndfdGltZWxpbmVfbGlzdCI6eyJidWNrZXQiOltdLCJ2ZXJzaW9uIjpudWxsfSwidGZ3X2ZvbGxvd2VyX2NvdW50X3N1bnNldCI6eyJidWNrZXQiOnRydWUsInZlcnNpb24iOm51bGx9LCJ0ZndfdHdlZXRfZWRpdF9iYWNrZW5kIjp7ImJ1Y2tldCI6Im9uIiwidmVyc2lvbiI6bnVsbH0sInRmd19yZWZzcmNfc2Vzc2lvbiI6eyJidWNrZXQiOiJvbiIsInZlcnNpb24iOm51bGx9LCJ0ZndfZm9zbnJfc29mdF9pbnRlcnZlbnRpb25zX2VuYWJsZWQiOnsiYnVja2V0Ijoib24iLCJ2ZXJzaW9uIjpudWxsfSwidGZ3X21peGVkX21lZGlhXzE1ODk3Ijp7ImJ1Y2tldCI6InRyZWF0bWVudCIsInZlcnNpb24iOm51bGx9LCJ0ZndfZXhwZXJpbWVudHNfY29va2llX2V4cGlyYXRpb24iOnsiYnVja2V0IjoxMjA5NjAwLCJ2ZXJzaW9uIjpudWxsfSwidGZ3X3Nob3dfYmlyZHdhdGNoX3Bpdm90c19lbmFibGVkIjp7ImJ1Y2tldCI6Im9uIiwidmVyc2lvbiI6bnVsbH0sInRmd19kdXBsaWNhdGVfc2NyaWJlc190b19zZXR0aW5ncyI6eyJidWNrZXQiOiJvbiIsInZlcnNpb24iOm51bGx9LCJ0ZndfdXNlX3Byb2ZpbGVfaW1hZ2Vfc2hhcGVfZW5hYmxlZCI6eyJidWNrZXQiOiJvbiIsInZlcnNpb24iOm51bGx9LCJ0ZndfdmlkZW9faGxzX2R5bmFtaWNfbWFuaWZlc3RzXzE1MDgyIjp7ImJ1Y2tldCI6InRydWVfYml0cmF0ZSIsInZlcnNpb24iOm51bGx9LCJ0ZndfbGVnYWN5X3RpbWVsaW5lX3N1bnNldCI6eyJidWNrZXQiOnRydWUsInZlcnNpb24iOm51bGx9LCJ0ZndfdHdlZXRfZWRpdF9mcm9udGVuZCI6eyJidWNrZXQiOiJvbiIsInZlcnNpb24iOm51bGx9fQ%3D%3D&amp;frame=false&amp;hideCard=false&amp;hideThread=false&amp;id=1737113615323521158&amp;lang=en&amp;maxWidth=560px&amp;origin=https%3A%2F%2Finsajderi.org%2Fdeputetja-britanike-akuzon-serbine-po-e-strehon-fajtorin-per-vrasjen-e-afrim-bunjakut%2F&amp;sessionId=473114f1308cf6463b7426c2e2940c765cde39d4&amp;siteScreenName=insajderi&amp;theme=light&amp;widgetsVersion=2615f7e52b7e0%3A1702314776716&amp;width=550px\" frameborder=\"0\" scrolling=\"no\" allowfullscreen=\"allowfullscreen\" data-tweet-id=\"1737113615323521158\" data-mce-fragment=\"1\" data-origwidth=\"\" data-origheight=\"\"><\/iframe><\/div>\n<\/div>\n<\/article>\n","protected":false},"excerpt":{"rendered":"<p>Deputetja britanike, Alicia Kearns, ka reaguar mbi zhvillimet politike n\u00eb kuad\u00ebr t\u00eb zgjedhjeve n\u00eb Serbi&#8230;<\/p>\n","protected":false},"author":1,"featured_media":0,"comment_status":"open","ping_status":"open","sticky":false,"template":"","format":"standard","meta":{"om_disable_all_campaigns":false,"_monsterinsights_skip_tracking":false,"_monsterinsights_sitenote_active":false,"_monsterinsights_sitenote_note":"","_monsterinsights_sitenote_category":0,"_uf_show_specific_survey":0,"_uf_disable_surveys":false,"footnotes":""},"categories":[1],"tags":[],"class_list":["post-6394","post","type-post","status-publish","format-standard","hentry","category-uncategorized"],"aioseo_notices":[],"views":25,"_links":{"self":[{"href":"https:\/\/used82.com\/index.php?rest_route=\/wp\/v2\/posts\/6394","targetHints":{"allow":["GET"]}}],"collection":[{"href":"https:\/\/used82.com\/index.php?rest_route=\/wp\/v2\/posts"}],"about":[{"href":"https:\/\/used82.com\/index.php?rest_route=\/wp\/v2\/types\/post"}],"author":[{"embeddable":true,"href":"https:\/\/used82.com\/index.php?rest_route=\/wp\/v2\/users\/1"}],"replies":[{"embeddable":true,"href":"https:\/\/used82.com\/index.php?rest_route=%2Fwp%2Fv2%2Fcomments&post=6394"}],"version-history":[{"count":0,"href":"https:\/\/used82.com\/index.php?rest_route=\/wp\/v2\/posts\/6394\/revisions"}],"wp:attachment":[{"href":"https:\/\/used82.com\/index.php?rest_route=%2Fwp%2Fv2%2Fmedia&parent=6394"}],"wp:term":[{"taxonomy":"category","embeddable":true,"href":"https:\/\/used82.com\/index.php?rest_route=%2Fwp%2Fv2%2Fcategories&post=6394"},{"taxonomy":"post_tag","embeddable":true,"href":"https:\/\/used82.com\/index.php?rest_route=%2Fwp%2Fv2%2Ftags&post=6394"}],"curies":[{"name":"wp","href":"https:\/\/api.w.org\/{rel}","templated":true}]}}