{"id":6403,"date":"2023-12-19T18:31:19","date_gmt":"2023-12-19T18:31:19","guid":{"rendered":"https:\/\/used82.com\/?p=6403"},"modified":"2023-12-19T18:31:19","modified_gmt":"2023-12-19T18:31:19","slug":"kurti-serbia-eshte-gati-per-sulm-te-ri-ka-48-baza-ushtarake-ne-kosove","status":"publish","type":"post","link":"https:\/\/used82.com\/?p=6403","title":{"rendered":"Kurti: Serbia \u00ebsht\u00eb gati p\u00ebr sulm t\u00eb ri, ka 48 baza ushtarake n\u00eb Kosov\u00eb"},"content":{"rendered":"<p>Kryeministri i Kosov\u00ebs Albin Kurti nuk ka p\u00ebrjashtuar mund\u00ebsin\u00eb e nj\u00eb sulmi t\u00eb ri serb n\u00eb territorin e Kosov\u00ebs, pas atij t\u00eb 24 shtatorit n\u00eb Banjsk\u00eb t\u00eb Zve\u00e7anit, ku mbeti i vrar\u00eb polici Afrim Bushnjaku.<\/p>\n<p>Ai n\u00eb nj\u00eb intervist\u00eb p\u00ebr gazet\u00ebn gjermane \u201cStern\u201d u pyet mbi mund\u00ebsit\u00eb e nj\u00eb konflikti t\u00eb ri nga Serbia, teksa b\u00ebri t\u00eb ditur se Kosova mbetet vigjilente p\u00ebr t\u00eb garantuar sigurin\u00eb e vendit.<\/p>\n<div class=\"code-block code-block-3\"><\/div>\n<p>\u201c<em>Kemi nj\u00eb fqinj agresiv q\u00eb nuk na pranon. Nuk mund t\u00eb p\u00ebrjashtojm\u00eb mund\u00ebsin\u00eb e nj\u00eb sulmi, sepse nuk varet nga ne. Por, ne mbetemi vigjilent\u00eb dhe t\u00eb mb\u00ebshtetur nga trupat tona dhe ato t\u00eb aleat\u00ebve tan\u00eb t\u00eb NATO-s, t\u00eb cil\u00ebt kan\u00eb shtuar mb\u00ebshtetjen e tyre q\u00eb nga sulmet e shtatorit p\u00ebr t\u00eb garantuar sigurin\u00eb e vendit ton\u00eb<\/em>\u201d, ka th\u00ebn\u00eb Kurti.<\/p>\n<p>Ai shtoi m\u00eb tej se Kosova p\u00ebrmbush standrdin e investimeve n\u00eb Turqi.<\/p>\n<div class=\"code-block code-block-4\"><\/div>\n<p>\u201d<em>P\u00ebrve\u00e7 k\u00ebsaj, ne p\u00ebrmbushim standardin e mbrojtjes prej dy p\u00ebr qind t\u00eb bruto prodhimit vendor duke investuar n\u00eb ushtri. N\u00ebse ka demokraci, lider\u00ebt e zgjedhur duhet t\u00eb mbajn\u00eb p\u00ebrgjegj\u00ebsi p\u00ebr veprimet e tyre. Kjo \u00e7on n\u00eb parashikueshm\u00ebri. Por, diktatura mbart rreziqe. Pyet veten se \u00e7far\u00eb do t\u00eb urdh\u00ebroj\u00eb nj\u00eb dit\u00eb Vu\u00e7i\u00e7 policin\u00eb dhe ushtrin\u00eb e tij<\/em>\u201d, shtoi Kurti.<\/p>\n<div class=\"code-block code-block-5\"><\/div>\n<p>Kurti tha se Serbia ka 48 baza ushtarake t\u00eb avancuara n\u00eb territorin e Kosov\u00ebs.<\/p>\n<p>\u201d<em>Ne vazhdimisht e ndiejm\u00eb agresionin serb: ata kan\u00eb 48 baza t\u00eb avancuara ushtarake dhe xhandarm\u00ebrie n\u00ebp\u00ebr Kosov\u00eb<\/em>\u201d, ka th\u00ebn\u00eb Kurti.<\/p>\n<div class=\"code-block code-block-7\"><\/div>\n<p>Dialogu mes Kosov\u00ebs dhe Serbis\u00eb ende nuk ka b\u00ebr\u00eb asnj\u00eb p\u00ebrparim, pavar\u00ebsisht nd\u00ebrmjet\u00ebsimit t\u00eb nd\u00ebrkomb\u00ebtar\u00ebve, SHBA dhe BE.<\/p>\n","protected":false},"excerpt":{"rendered":"<p>Kryeministri i Kosov\u00ebs Albin Kurti nuk ka p\u00ebrjashtuar mund\u00ebsin\u00eb e nj\u00eb sulmi t\u00eb ri serb&#8230;<\/p>\n","protected":false},"author":1,"featured_media":0,"comment_status":"open","ping_status":"open","sticky":false,"template":"","format":"standard","meta":{"om_disable_all_campaigns":false,"_monsterinsights_skip_tracking":false,"_monsterinsights_sitenote_active":false,"_monsterinsights_sitenote_note":"","_monsterinsights_sitenote_category":0,"_uf_show_specific_survey":0,"_uf_disable_surveys":false,"footnotes":""},"categories":[1],"tags":[],"class_list":["post-6403","post","type-post","status-publish","format-standard","hentry","category-uncategorized"],"aioseo_notices":[],"views":27,"_links":{"self":[{"href":"https:\/\/used82.com\/index.php?rest_route=\/wp\/v2\/posts\/6403","targetHints":{"allow":["GET"]}}],"collection":[{"href":"https:\/\/used82.com\/index.php?rest_route=\/wp\/v2\/posts"}],"about":[{"href":"https:\/\/used82.com\/index.php?rest_route=\/wp\/v2\/types\/post"}],"author":[{"embeddable":true,"href":"https:\/\/used82.com\/index.php?rest_route=\/wp\/v2\/users\/1"}],"replies":[{"embeddable":true,"href":"https:\/\/used82.com\/index.php?rest_route=%2Fwp%2Fv2%2Fcomments&post=6403"}],"version-history":[{"count":0,"href":"https:\/\/used82.com\/index.php?rest_route=\/wp\/v2\/posts\/6403\/revisions"}],"wp:attachment":[{"href":"https:\/\/used82.com\/index.php?rest_route=%2Fwp%2Fv2%2Fmedia&parent=6403"}],"wp:term":[{"taxonomy":"category","embeddable":true,"href":"https:\/\/used82.com\/index.php?rest_route=%2Fwp%2Fv2%2Fcategories&post=6403"},{"taxonomy":"post_tag","embeddable":true,"href":"https:\/\/used82.com\/index.php?rest_route=%2Fwp%2Fv2%2Ftags&post=6403"}],"curies":[{"name":"wp","href":"https:\/\/api.w.org\/{rel}","templated":true}]}}