{"id":6407,"date":"2023-12-19T18:35:57","date_gmt":"2023-12-19T18:35:57","guid":{"rendered":"https:\/\/used82.com\/?p=6407"},"modified":"2023-12-19T18:35:57","modified_gmt":"2023-12-19T18:35:57","slug":"luizi-hyn-ne-shtepine-e-bbv3-cili-do-te-jete-roli-i-tij-ne-edicionin-e-radhes","status":"publish","type":"post","link":"https:\/\/used82.com\/?p=6407","title":{"rendered":"Luizi hyn n\u00eb sht\u00ebpin\u00eb e \u2018BBV3\u2019, cili do t\u00eb jet\u00eb roli i tij n\u00eb edicionin e radh\u00ebs?"},"content":{"rendered":"<p>K\u00ebng\u00ebtari Luiz Ejlli, nj\u00ebkoh\u00ebsisht edhe ish-banori i \u2018Big Brother Vip2\u2019 ka publikuar pamjet e para nga sht\u00ebpia e re e \u2018BBV3\u2019.<\/p>\n<div class=\"des-adv\"><\/div>\n<p>P\u00ebrmes nj\u00eb video n\u00eb Instagram, Ejlli tregon se \u00ebsht\u00eb futur n\u00eb ambientet e reja t\u00eb sht\u00ebpis\u00eb m\u00eb t\u00eb famshme n\u00eb Shqip\u00ebri.<\/p>\n<div class=\"des-adv shteti\"><\/div>\n<p>N\u00eb video ai d\u00ebgjohet teksa thot\u00eb: \u201cSi thoni, t\u00eb futem edhe nj\u00eb her\u00eb brenda, po s\u2019duan t\u00eb m\u00eb l\u00ebn\u00eb t\u00eb futem. Un\u00eb e provova.\u201d<\/p>\n<div class=\"des-adv jashtshteti\"><\/div>\n<figure class=\"wp-block-image\"><img decoding=\"async\" src=\"https:\/\/media.sot.com.al\/sot.com.al\/media3\/-640-0-6581c8d2196f9.jpg\" alt=\"\u201cNuk duan t\u00eb m\u00eb l\u00ebn\u00eb t\u00eb futem\u201d, Luizi hyn\" \/><\/figure>\n<p>Nd\u00ebrkoh\u00eb, kujtojm\u00eb se n\u00eb media \u00ebsht\u00eb folur se Luizi do t\u00eb ket\u00eb nj\u00eb rol n\u00eb BBV, por ende nuk \u00ebsht\u00eb b\u00ebr\u00eb e ditur asgj\u00eb.<\/p>\n<p>Disa dit\u00eb m\u00eb par\u00eb, k\u00ebng\u00ebtari u pyet nga gazetari Ronaldo Sharka p\u00ebr rolin q\u00eb ai mund t\u00eb ket\u00eb. Luizi u shpreh sakt\u00ebsisht: Prisni pra, sa t\u00eb filloj\u00eb! A rri un\u00eb pa b\u00ebr\u00eb gj\u00eb!? \u00cbsht\u00eb th\u00ebn\u00eb q\u00eb syri n\u00eb logo \u00ebsht\u00eb ai i Luizit dhe se ai mund t\u00eb jet\u00eb edhe v\u00ebllai i madh.<\/p>\n<div class=\"des-adv shteti\"><\/div>\n<p>Kujtojm\u00eb se Luizi do t\u00eb b\u00ebhet edhe baba i nj\u00eb vajze me partneren e tij, moderatoren Kiara Tito, ku lajmin e ka b\u00ebr\u00eb t\u00eb ditur me an\u00eb t\u00eb nj\u00eb k\u00ebng\u00eb dedikuar vog\u00eblushes.<\/p>\n<div class=\"des-adv jashtshteti\"><\/div>\n<figure class=\"wp-block-image\"><img decoding=\"async\" src=\"https:\/\/media.sot.com.al\/sot.com.al\/media3\/-640-0-6581c98c52e41.jpg\" alt=\"\u201cNuk duan t\u00eb m\u00eb l\u00ebn\u00eb t\u00eb futem\u201d, Luizi hyn\" \/><\/figure>\n","protected":false},"excerpt":{"rendered":"<p>K\u00ebng\u00ebtari Luiz Ejlli, nj\u00ebkoh\u00ebsisht edhe ish-banori i \u2018Big Brother Vip2\u2019 ka publikuar pamjet e para&#8230;<\/p>\n","protected":false},"author":1,"featured_media":0,"comment_status":"open","ping_status":"open","sticky":false,"template":"","format":"standard","meta":{"om_disable_all_campaigns":false,"_monsterinsights_skip_tracking":false,"_monsterinsights_sitenote_active":false,"_monsterinsights_sitenote_note":"","_monsterinsights_sitenote_category":0,"_uf_show_specific_survey":0,"_uf_disable_surveys":false,"footnotes":""},"categories":[1],"tags":[],"class_list":["post-6407","post","type-post","status-publish","format-standard","hentry","category-uncategorized"],"aioseo_notices":[],"views":22,"_links":{"self":[{"href":"https:\/\/used82.com\/index.php?rest_route=\/wp\/v2\/posts\/6407","targetHints":{"allow":["GET"]}}],"collection":[{"href":"https:\/\/used82.com\/index.php?rest_route=\/wp\/v2\/posts"}],"about":[{"href":"https:\/\/used82.com\/index.php?rest_route=\/wp\/v2\/types\/post"}],"author":[{"embeddable":true,"href":"https:\/\/used82.com\/index.php?rest_route=\/wp\/v2\/users\/1"}],"replies":[{"embeddable":true,"href":"https:\/\/used82.com\/index.php?rest_route=%2Fwp%2Fv2%2Fcomments&post=6407"}],"version-history":[{"count":0,"href":"https:\/\/used82.com\/index.php?rest_route=\/wp\/v2\/posts\/6407\/revisions"}],"wp:attachment":[{"href":"https:\/\/used82.com\/index.php?rest_route=%2Fwp%2Fv2%2Fmedia&parent=6407"}],"wp:term":[{"taxonomy":"category","embeddable":true,"href":"https:\/\/used82.com\/index.php?rest_route=%2Fwp%2Fv2%2Fcategories&post=6407"},{"taxonomy":"post_tag","embeddable":true,"href":"https:\/\/used82.com\/index.php?rest_route=%2Fwp%2Fv2%2Ftags&post=6407"}],"curies":[{"name":"wp","href":"https:\/\/api.w.org\/{rel}","templated":true}]}}