{"id":6409,"date":"2023-12-19T18:43:32","date_gmt":"2023-12-19T18:43:32","guid":{"rendered":"https:\/\/used82.com\/?p=6409"},"modified":"2023-12-19T18:43:32","modified_gmt":"2023-12-19T18:43:32","slug":"burri-nga-malisheva-kerkon-ndihme-ne-polici-thote-se-gruaja-vazhdimisht-po-ushtron-dhune-fizike-dhe-psikike","status":"publish","type":"post","link":"https:\/\/used82.com\/?p=6409","title":{"rendered":"Burri nga Malisheva k\u00ebrkon ndihm\u00eb n\u00eb Polici, thot\u00eb se gruaja vazhdimisht po ushtron dhun\u00eb fizike dhe psikike"},"content":{"rendered":"<p><strong>Telashet n\u00eb familjet kosovare nuk kan\u00eb t\u00eb ndalur. P\u00ebrdit\u00eb n\u00eb Polici raportohen num\u00ebr i madh rastesh, ku konfliktet mes bashk\u00ebshort\u00ebve shpesh p\u00ebrfundojn\u00eb edhe me dhun\u00eb fizike e psikike, p\u00ebr \u00e7ka nevojitet nd\u00ebrhyrja e Policis\u00eb. Nj\u00eb rast i till\u00eb ka ndodhur s\u00eb fundmi n\u00eb nj\u00eb familje n\u00eb Malishev\u00eb<\/strong><\/p>\n<p>K\u00ebt\u00eb her\u00eb, nj\u00eb burr\u00eb k\u00ebrkoi ndihm\u00ebn e Policis\u00eb, duke e denoncuar bashk\u00ebshorten e tij p\u00ebr dhun\u00eb fizike e psikike.<\/p>\n<div class=\"code-block code-block-3\"><\/div>\n<p>Burimet brenda Prokuroris\u00eb kan\u00eb b\u00ebr\u00eb me dije se bazuar n\u00eb d\u00ebshmin\u00eb e viktim\u00ebs, gruaja e tij ka ushtruar dhun\u00eb edhe ndaj f\u00ebmij\u00ebve dhe familjar\u00ebve t\u00eb tjer\u00eb dhe iu ka b\u00ebr\u00eb presion vazhdimisht.<\/p>\n<div class=\"adds__image mt-3 mb-3\"><\/div>\n<p>Si rezultat i denoncimit, \u00e7ifti jan\u00eb intervistuar lidhur me rastin, por e dyshuara e ka mohuar se ka ushtruar dhun\u00eb ndaj tyre, nd\u00ebrsa burri dhe familja e tij nuk kan\u00eb pranuar q\u00eb ajo t\u00eb kthehet te sht\u00ebpia e tyre.<\/p>\n<div class=\"code-block code-block-4\"><\/div>\n<p>Pas p\u00ebrfundimit t\u00eb procedurave policore, me urdh\u00ebr t\u00eb Prokurorit t\u00eb Shtetit, ndaj gruas \u00ebsht\u00eb iniciuar rasti p\u00ebr \u201cDhun\u00eb n\u00eb familje\u201d.<\/p>\n","protected":false},"excerpt":{"rendered":"<p>Telashet n\u00eb familjet kosovare nuk kan\u00eb t\u00eb ndalur. P\u00ebrdit\u00eb n\u00eb Polici raportohen num\u00ebr i madh&#8230;<\/p>\n","protected":false},"author":1,"featured_media":0,"comment_status":"open","ping_status":"open","sticky":false,"template":"","format":"standard","meta":{"om_disable_all_campaigns":false,"_monsterinsights_skip_tracking":false,"_monsterinsights_sitenote_active":false,"_monsterinsights_sitenote_note":"","_monsterinsights_sitenote_category":0,"_uf_show_specific_survey":0,"_uf_disable_surveys":false,"footnotes":""},"categories":[1],"tags":[],"class_list":["post-6409","post","type-post","status-publish","format-standard","hentry","category-uncategorized"],"aioseo_notices":[],"views":34,"_links":{"self":[{"href":"https:\/\/used82.com\/index.php?rest_route=\/wp\/v2\/posts\/6409","targetHints":{"allow":["GET"]}}],"collection":[{"href":"https:\/\/used82.com\/index.php?rest_route=\/wp\/v2\/posts"}],"about":[{"href":"https:\/\/used82.com\/index.php?rest_route=\/wp\/v2\/types\/post"}],"author":[{"embeddable":true,"href":"https:\/\/used82.com\/index.php?rest_route=\/wp\/v2\/users\/1"}],"replies":[{"embeddable":true,"href":"https:\/\/used82.com\/index.php?rest_route=%2Fwp%2Fv2%2Fcomments&post=6409"}],"version-history":[{"count":0,"href":"https:\/\/used82.com\/index.php?rest_route=\/wp\/v2\/posts\/6409\/revisions"}],"wp:attachment":[{"href":"https:\/\/used82.com\/index.php?rest_route=%2Fwp%2Fv2%2Fmedia&parent=6409"}],"wp:term":[{"taxonomy":"category","embeddable":true,"href":"https:\/\/used82.com\/index.php?rest_route=%2Fwp%2Fv2%2Fcategories&post=6409"},{"taxonomy":"post_tag","embeddable":true,"href":"https:\/\/used82.com\/index.php?rest_route=%2Fwp%2Fv2%2Ftags&post=6409"}],"curies":[{"name":"wp","href":"https:\/\/api.w.org\/{rel}","templated":true}]}}