{"id":6411,"date":"2023-12-19T18:47:48","date_gmt":"2023-12-19T18:47:48","guid":{"rendered":"https:\/\/used82.com\/?p=6411"},"modified":"2023-12-19T18:47:48","modified_gmt":"2023-12-19T18:47:48","slug":"kush-i-transportoi-votuesit-nga-kosova-dhe-bosnja-ne-serbi","status":"publish","type":"post","link":"https:\/\/used82.com\/?p=6411","title":{"rendered":"Kush i transportoi votuesit nga Kosova dhe Bosnja n\u00eb Serbi?"},"content":{"rendered":"<p><strong>Votues nga Kosova, t\u00eb organizuar me autobus\u00eb, shkuan n\u00eb qytetet kufitare t\u00eb Serbis\u00eb p\u00ebr t\u00eb votuar n\u00eb zgjedhjet e 17 dhjetorit.<\/strong><\/p>\n<p>Autobus\u00ebt q\u00eb udh\u00ebtuan nga pjesa veriore e Kosov\u00ebs \u2013 e banuar me shumic\u00eb serbe \u2013 p\u00ebr n\u00eb Rashk\u00eb t\u00eb Serbis\u00eb, i kishin kryesisht t\u00eb mbuluar emrat e kompanive me shirita t\u00eb bardh\u00eb.<\/p>\n<div class=\"code-block code-block-43 code-block-pas-paragrafit-2t-inarticle\"><\/div>\n<p>Sipas t\u00eb dh\u00ebnave q\u00eb siguroi REL-i, n\u00eb zgjedhjet n\u00eb Serbi votuan kryesisht punonj\u00ebs t\u00eb institucioneve serbe n\u00eb Kosov\u00eb, si dhe pensionist\u00eb serb\u00eb.<\/p>\n<p>Punonj\u00ebsit n\u00eb institucionet serbe u informuan nj\u00eb dit\u00eb m\u00eb her\u00ebt se ku dhe kur sakt\u00ebsisht do t\u00eb votojn\u00eb.<\/p>\n<p>Autobus\u00ebt e par\u00eb u nis\u00ebn rreth or\u00ebs 6:00 t\u00eb m\u00ebngjesit, nd\u00ebrsa t\u00eb tjer\u00eb vazhduan \u00e7do gjysm\u00eb ore deri n\u00eb nj\u00eb or\u00eb.<\/p>\n<p>K\u00ebshtu p\u00ebr shembull, n\u00eb or\u00ebn 7:00 t\u00eb m\u00ebngjesit, nj\u00eb autobus me punonj\u00ebs t\u00eb autoritetit t\u00eb p\u00ebrkohsh\u00ebm t\u00eb Prishtin\u00ebs u nis nga Gra\u00e7anica, i ndjekur nga nj\u00eb tjet\u00ebr me punonj\u00ebs t\u00eb institucioneve sh\u00ebndet\u00ebsore dhe arsimore, si dhe pensionist\u00eb.<\/p>\n<div class=\"ai-viewport-1\" data-insertion-position=\"prepend\" data-selector=\".ai-insert-1-26236144\" data-insertion-no-dbg=\"\" data-code=\"PGRpdiBjbGFzcz0nY29kZS1ibG9jayBjb2RlLWJsb2NrLTEgY29kZS1ibG9jay1pbmFydGljbGUtZGVza3RvcCcgc3R5bGU9J21hcmdpbjogOHB4IGF1dG87IHRleHQtYWxpZ246IGNlbnRlcjsgZGlzcGxheTogYmxvY2s7IGNsZWFyOiBib3RoOyB3aWR0aDogMzAwcHg7IGhlaWdodDogMzAwcHg7IGJhY2tncm91bmQtY29sb3I6ICNmZmZmZmY7Jz4KPGRpdiBkYXRhLWFkLXVuaXQtaWQ9Ii8yMjY0NjY1NzExOC9Jbi1hcnRpY2xlX2JveF8yIj48L2Rpdj4KPC9kaXY+Cg==\" data-block=\"1\">\n<div data-ad-unit-id=\"\/22646657118\/In-article_box_2\">\n<p>Nj\u00ebri prej autobus\u00ebve q\u00eb u nis nga veriu i Kosov\u00ebs drejt Rashk\u00ebs, kishte targa t\u00eb Kosov\u00ebs dhe nj\u00eb num\u00ebr telefoni.<\/p>\n<p>N\u00eb telefonat\u00ebn q\u00eb b\u00ebri REL-i, personi q\u00eb u p\u00ebrgjigj, mohoi se ka marr\u00eb pjes\u00eb n\u00eb transportimin e votuesve n\u00eb Serbi.<\/p>\n<p>Nj\u00eb situat\u00eb e ngjashme ndodhi edhe n\u00eb Gra\u00e7anic\u00eb, af\u00ebr Prishtin\u00ebs. P\u00ebrfaq\u00ebsues t\u00eb kompanis\u00eb \u201cArsa Prevoz\u201d, n\u00eb pron\u00ebsi t\u00eb Igor Arsiqit \u2013 autobus\u00ebt e t\u00eb cilit transportuan votues n\u00eb qendra t\u00eb votimit \u2013 nuk desh\u00ebn t\u00eb tregojn\u00eb se kush i ka angazhuar.<\/p>\n<p>Edhe pse n\u00eb disa pamje nga Mitrovica e Veriut dukeshin autobus\u00eb t\u00eb kompanis\u00eb vendase \u201cJoe Travel\u201d, pronari i saj, Goran Antiq, tha se autobusi i tij vet\u00ebm ishte i parkuar n\u00eb stacionin e autobus\u00ebve dhe se n\u00eb t\u00eb shkruhej qart\u00eb se endet n\u00eb relacionin Mitrovic\u00eb e Veriut \u2013 Beograd.<\/p>\n<div class=\"ai-viewport-1\" data-insertion-position=\"prepend\" data-selector=\".ai-insert-1-19782355\" data-insertion-no-dbg=\"\" data-code=\"PGRpdiBjbGFzcz0nY29kZS1ibG9jayBjb2RlLWJsb2NrLTEgY29kZS1ibG9jay1pbmFydGljbGUtZGVza3RvcCcgc3R5bGU9J21hcmdpbjogOHB4IGF1dG87IHRleHQtYWxpZ246IGNlbnRlcjsgZGlzcGxheTogYmxvY2s7IGNsZWFyOiBib3RoOyB3aWR0aDogMzAwcHg7IGhlaWdodDogMzAwcHg7IGJhY2tncm91bmQtY29sb3I6ICNmZmZmZmY7Jz4KCjxkaXYgZGF0YS1hZC11bml0LWlkPSIvMjI2NDY2NTcxMTgvSW4tYXJ0aWNsZV9ib3hfMyI+PC9kaXY+CjwvZGl2Pgo=\" data-block=\"1\">\n<p>N\u00eb autobus\u00ebt q\u00eb transportonin votues n\u00eb Rashk\u00eb apo Tutin, shkruhej \u201cudh\u00ebtim falas\u201d.<\/p>\n<p>Sipas informacioneve t\u00eb REL-it, organet e p\u00ebrkohshme komunale, q\u00eb funksionojn\u00eb n\u00eb sistemin serb n\u00eb Kosov\u00eb, u p\u00ebrfshin\u00eb n\u00eb organizimin e transportit.<\/p>\n<p>Kryetari i autoritetit t\u00eb p\u00ebrkohsh\u00ebm n\u00eb Mitrovic\u00ebn e Veriut, Ivan Zaporozhac, nuk ishte i qassh\u00ebm n\u00eb telefon dhe nuk iu p\u00ebrgjigj mesazhit q\u00eb i d\u00ebrgoi REL-i p\u00ebrmes aplikacionit Viber.<\/p>\n<p>Kryetari i autoritetit t\u00eb p\u00ebrkohsh\u00ebm n\u00eb Leposaviq, Zoran Todiq, tha se ishte i z\u00ebn\u00eb dhe \u201ct\u00eb telefononim m\u00eb von\u00eb\u201d, por m\u00eb von\u00eb nuk ishte i qassh\u00ebm.<\/p>\n<p>Novak Zhiviq, kryetar i autoritetit t\u00eb p\u00ebrkohsh\u00ebm t\u00eb Prishtin\u00ebs, pasi e d\u00ebgjoi pyetjen, e mbylli telefonin dhe nuk u p\u00ebrgjigj m\u00eb.<\/p>\n<p>N\u00eb krye t\u00eb t\u00eb ashtuquajturave autoritete t\u00eb p\u00ebrkohshme n\u00eb Kosov\u00eb jan\u00eb zyrtar\u00eb t\u00eb List\u00ebs Serbe \u2013 partis\u00eb m\u00eb t\u00eb madhe t\u00eb serb\u00ebve n\u00eb Kosov\u00eb \u2013 e cila u themelua me mb\u00ebshtetjen e presidentit t\u00eb Serbis\u00eb, Aleksandar Vu\u00e7iq, dhe t\u00eb partis\u00eb q\u00eb ai udh\u00ebhoqi deri von\u00eb \u2013 Partis\u00eb P\u00ebrparimtare Serbe.<\/p>\n<div class=\"ai-viewport-1\" data-insertion-position=\"prepend\" data-selector=\".ai-insert-1-25772122\" data-insertion-no-dbg=\"\" data-code=\"PGRpdiBjbGFzcz0nY29kZS1ibG9jayBjb2RlLWJsb2NrLTEgY29kZS1ibG9jay1pbmFydGljbGUtZGVza3RvcCcgc3R5bGU9J21hcmdpbjogOHB4IGF1dG87IHRleHQtYWxpZ246IGNlbnRlcjsgZGlzcGxheTogYmxvY2s7IGNsZWFyOiBib3RoOyB3aWR0aDogMzAwcHg7IGhlaWdodDogMzAwcHg7IGJhY2tncm91bmQtY29sb3I6ICNmZmZmZmY7Jz4KCjxkaXYgZGF0YS1hZC11bml0LWlkPSIvMjI2NDY2NTcxMTgvSW4tYXJ0aWNsZV9ib3hfNC0yIj48L2Rpdj4KPC9kaXY+Cg==\" data-block=\"1\">\n<p><strong>Transportim i votuesve edhe nga Bosnje e Hercegovina<\/strong><\/p>\n<p>Automjete t\u00eb kompanis\u00eb s\u00eb nj\u00eb sip\u00ebrmarr\u00ebsi \u2013 i cili u ndalua n\u00eb prag t\u00eb zgjedhjeve n\u00eb Nikshiq t\u00eb Malit t\u00eb Zi dy vjet m\u00eb par\u00eb dhe t\u00eb cilit i ishte ndaluar hyrja n\u00eb Mal t\u00eb Zi nga Bosnje dhe Hercegovina vitin e kaluar \u2013 u pan\u00eb n\u00eb vendin nga ku votuesit nga Bosnje dhe Hercegovina u transportuan p\u00ebr t\u00eb votuar n\u00eb zgjedhjet e s\u00eb diel\u00ebs n\u00eb Serbi.<\/p>\n<p>S\u00eb paku pes\u00eb automjete me shenjat e kompanis\u00eb p\u00ebr siguri \u201cT&amp;M Group Solutions\u201d u pan\u00eb n\u00eb dit\u00ebn e zgjedhjeve nga gazetar\u00ebt e Radios Evropa e Lir\u00eb pran\u00eb \u201cShtark Aren\u00ebs\u201d n\u00eb Beograd, q\u00eb \u00ebsht\u00eb hap\u00ebsira m\u00eb e madhe p\u00ebr koncerte dhe sporte n\u00eb kryeqytetin e Serbis\u00eb. Gjat\u00eb asaj kohe, grupe burrash \u2013 pa shenja t\u00eb siguris\u00eb \u2013 pamund\u00ebsuan hyrjen n\u00eb sall\u00eb.<\/p>\n<div class=\"ai-viewport-1\" data-insertion-position=\"prepend\" data-selector=\".ai-insert-1-38098274\" data-insertion-no-dbg=\"\" data-code=\"PGRpdiBjbGFzcz0nY29kZS1ibG9jayBjb2RlLWJsb2NrLTEgY29kZS1ibG9jay1pbmFydGljbGUtZGVza3RvcCcgc3R5bGU9J21hcmdpbjogOHB4IGF1dG87IHRleHQtYWxpZ246IGNlbnRlcjsgZGlzcGxheTogYmxvY2s7IGNsZWFyOiBib3RoOyB3aWR0aDogMzAwcHg7IGhlaWdodDogMzAwcHg7IGJhY2tncm91bmQtY29sb3I6ICNmZmZmZmY7Jz4KCjxkaXYgZGF0YS1hZC11bml0LWlkPSIvMjI2NDY2NTcxMTgvSW4tYXJ0aWNsZV9ib3hfNSI+PC9kaXY+CjwvZGl2Pgo=\" data-block=\"1\">\n<p>Sipas t\u00eb dh\u00ebnave t\u00eb Agjencis\u00eb p\u00ebr Regjistrimin e Bizneseve n\u00eb Serbi, b\u00ebhet fjal\u00eb p\u00ebr nj\u00eb kompani q\u00eb ka drejtor dhe bashk\u00ebpronar ish-hendbollistin serb, Dane Shijan.<\/p>\n<p>Se kush e financoi transportin e votuesve dhe sa votues nga Republika S\u00ebrpska e Bosnj\u00ebs votuan n\u00eb qendrat e votimit n\u00eb Beograd, nuk dihet ende.<\/p>\n<p><strong>Kush \u00ebsht\u00eb Dane Shijan?<\/strong><\/p>\n<p>Dane Shijan bashk\u00eb me hendbollistin Vlladimir Mandiq \u2013 djali i Mom\u00e7illo Mandiqit, minist\u00ebr i Drejt\u00ebsis\u00eb n\u00eb Qeverin\u00eb e dikurshme t\u00eb udh\u00ebheq\u00ebsit t\u00eb serb\u00ebve t\u00eb Bosnj\u00ebs, Radovan Karaxhiq, i d\u00ebnuar p\u00ebr krime lufte n\u00eb Bosnje dhe Hercegovin\u00eb \u2013 u arrestuan n\u00eb Mal t\u00eb Zi n\u00eb prag t\u00eb zgjedhjeve lokale n\u00eb Nikshiq, n\u00eb mars t\u00eb vitit 2021.<\/p>\n<p>Si\u00e7 u shpjegua at\u00ebkoh\u00eb, ata u arrestuan n\u00ebn dyshimet p\u00ebr futjen e paligjshme t\u00eb parave n\u00eb Mal t\u00eb Zi, p\u00ebr t\u00eb ndihmuar koalicionin e mbledhur rreth Frontit Demokratik pro-rus (DF).<\/p>\n<div class=\"ai-viewport-1\" data-insertion-position=\"prepend\" data-selector=\".ai-insert-1-96429865\" data-insertion-no-dbg=\"\" data-code=\"PGRpdiBjbGFzcz0nY29kZS1ibG9jayBjb2RlLWJsb2NrLTEgY29kZS1ibG9jay1pbmFydGljbGUtZGVza3RvcCcgc3R5bGU9J21hcmdpbjogOHB4IGF1dG87IHRleHQtYWxpZ246IGNlbnRlcjsgZGlzcGxheTogYmxvY2s7IGNsZWFyOiBib3RoOyB3aWR0aDogMzAwcHg7IGhlaWdodDogMzAwcHg7IGJhY2tncm91bmQtY29sb3I6ICNmZmZmZmY7Jz4KCjxkaXYgZGF0YS1hZC11bml0LWlkPSIvMjI2NDY2NTcxMTgvSW4tYXJ0aWNsZV9ib3hfNiI+PC9kaXY+CjwvZGl2Pgo=\" data-block=\"1\">\n<p>M\u00eb 14 tetor t\u00eb vitit 2022, n\u00eb pik\u00ebn kufitare Metalka nga Bosnje dhe Hercegovina, policia e Malit t\u00eb Zi u dor\u00ebzoi Vlladimir Mandiqit dhe Dane Shijanit nj\u00eb vendim p\u00ebr ndalimin e hyrjes, pasi u konstatua se \u201cka shqet\u00ebsime p\u00ebr sigurin\u00eb komb\u00ebtare\u201d.<\/p>\n<p>Dane Shijan, i cili \u00ebsht\u00eb bashk\u00ebpronar i kompanis\u00eb s\u00eb siguris\u00eb \u201cT&amp;M Group Solutions\u201d, \u00ebsht\u00eb nj\u00eb nga mbi dy mij\u00eb n\u00ebnshkruesit e mb\u00ebshtetjes p\u00ebr Partin\u00eb P\u00ebrparimtare Serbe. Sipas t\u00eb dh\u00ebnave t\u00eb disponueshme n\u00eb Facebook, ai e ka mb\u00ebshtetur k\u00ebt\u00eb parti edhe n\u00eb vitin 2019, n\u00eb prag t\u00eb nj\u00eb tubimi para Parlamentit serb.<\/p>\n<p>N\u00eb nj\u00eb num\u00ebr telefoni q\u00eb n\u00eb disa aplikacione n\u00eb internet identifikohet si numri i Dane Shijanit, u lajm\u00ebrua nj\u00eb burr\u00eb q\u00eb i tha Radios Evropa e Lir\u00eb se \u00ebsht\u00eb nj\u00eb nga pronar\u00ebt e kompanis\u00eb.<\/p>\n<div class=\"ai-viewport-1\" data-insertion-position=\"prepend\" data-selector=\".ai-insert-1-98308338\" data-insertion-no-dbg=\"\" data-code=\"PGRpdiBjbGFzcz0nY29kZS1ibG9jayBjb2RlLWJsb2NrLTEgY29kZS1ibG9jay1pbmFydGljbGUtZGVza3RvcCcgc3R5bGU9J21hcmdpbjogOHB4IGF1dG87IHRleHQtYWxpZ246IGNlbnRlcjsgZGlzcGxheTogYmxvY2s7IGNsZWFyOiBib3RoOyB3aWR0aDogMzAwcHg7IGhlaWdodDogMzAwcHg7IGJhY2tncm91bmQtY29sb3I6ICNmZmZmZmY7Jz4KCjxkaXYgZGF0YS1hZC11bml0LWlkPSIvMjI2NDY2NTcxMTgvSW4tYXJ0aWNsZV9ib3hfNyI+PC9kaXY+CjwvZGl2Pgo=\" data-block=\"1\">\n<p>Ai tha se nuk e dinte se \u00e7far\u00eb po b\u00ebnin automjetet e kompanis\u00eb \u201cT&amp;M Group Solutions\u201d pran\u00eb \u201cShtark Aren\u00ebs\u201d gjat\u00eb dit\u00ebs s\u00eb zgjedhjeve n\u00eb Serbi.<\/p>\n<p>Pasi iu k\u00ebrkua nga REL-i q\u00eb t\u00eb prezantohet, ai tha se \u00ebsht\u00eb bashk\u00ebpronar dhe se quhet \u201cPera Petroviq\u201d.<\/p>\n<p>N\u00eb pyetjet q\u00eb REL-i ia d\u00ebrgoi p\u00ebrmes emailit Partis\u00eb P\u00ebrparimtare Serbe \u2013 n\u00eb lidhje me informacionet p\u00ebr transportin e votuesve \u2013 nuk pati p\u00ebrgjigje deri n\u00eb publikimin e k\u00ebtij artikulli.<\/p>\n<p><strong>\u00c7far\u00eb dihet p\u00ebr kompanin\u00eb \u201cT&amp;M Group Solutions\u201d?<\/strong><\/p>\n<p>Kompania \u201cT&amp;M Group Solutions\u201d \u00ebsht\u00eb themeluar n\u00eb fund t\u00eb majit t\u00eb vitit 2022 n\u00eb Beograd. Nuk ka asnj\u00eb faqe interneti dhe asnj\u00eb num\u00ebr telefoni n\u00eb baz\u00ebn e t\u00eb dh\u00ebnave t\u00eb Agjencis\u00eb p\u00ebr Regjistrimin e Bizneseve (APR).<\/p>\n<p>Sipas t\u00eb dh\u00ebnave nga raporti financiar i k\u00ebsaj agjencie, ajo kishte pes\u00eb punonj\u00ebs gjat\u00eb vitit 2022.<\/p>\n<div class=\"ai-viewport-1\" data-insertion-position=\"prepend\" data-selector=\".ai-insert-1-28971630\" data-insertion-no-dbg=\"\" data-code=\"PGRpdiBjbGFzcz0nY29kZS1ibG9jayBjb2RlLWJsb2NrLTEgY29kZS1ibG9jay1pbmFydGljbGUtZGVza3RvcCcgc3R5bGU9J21hcmdpbjogOHB4IGF1dG87IHRleHQtYWxpZ246IGNlbnRlcjsgZGlzcGxheTogYmxvY2s7IGNsZWFyOiBib3RoOyB3aWR0aDogMzAwcHg7IGhlaWdodDogMzAwcHg7IGJhY2tncm91bmQtY29sb3I6ICNmZmZmZmY7Jz4KCjxkaXYgZGF0YS1hZC11bml0LWlkPSIvMjI2NDY2NTcxMTgvSW4tYXJ0aWNsZV9ib3hfOCI+PC9kaXY+CjwvZGl2Pgo=\" data-block=\"1\">\n<p>Dane Shijan, sipas t\u00eb dh\u00ebnave t\u00eb APR-s\u00eb, \u00ebsht\u00eb b\u00ebr\u00eb pronar i kompanis\u00eb n\u00eb mars t\u00eb vitit 2023.<\/p>\n<p>Nj\u00eb muaj m\u00eb von\u00eb, ai ua kaloi pron\u00ebsin\u00eb kompanive \u201cUNIQUENESS GROUP LIMITED\u201d dhe \u201cMISTRAL INTERNATIONAL-FZCO\u201d nga Emiratet e Bashkuara Arabe, nd\u00ebrsa mbeti n\u00eb detyr\u00ebn e drejtorit.<\/p>\n<p>Aktualisht, t\u00eb dh\u00ebnat e APR-s\u00eb tregojn\u00eb se Shijan zot\u00ebron 40 p\u00ebr qind t\u00eb kompanis\u00eb, nd\u00ebrsa Mihajllo Popoviq \u2013 i panjohur \u2013 posedon 60 p\u00ebr qind.<\/p>\n<p>Kush jan\u00eb transportuesit e votuesve nga Bosnje dhe Hercegovina?<\/p>\n<p>P\u00ebrve\u00e7 kompanis\u00eb n\u00eb t\u00eb cil\u00ebn Shijan \u00ebsht\u00eb bashk\u00ebpronar, n\u00eb af\u00ebrsi t\u00eb \u201cShtark Aren\u00ebs\u201d u v\u00ebrejt\u00ebn edhe automjete transportuese me targa t\u00eb Bosnje dhe Hercegovin\u00ebs.<\/p>\n<p>B\u00ebhet fjal\u00eb p\u00ebr kompanin\u00eb \u201cIN Turs\u201d nga qyteti Rudo af\u00ebr kufirit me Serbin\u00eb, si dhe \u201cKuna Tours\u201d nga Fo\u00e7a, gjithashtu n\u00eb lindje t\u00eb Bosnje e Hercegovin\u00ebs, si\u00e7 tregojn\u00eb fotografit\u00eb dhe videot e gazetar\u00ebve t\u00eb REL-i, ashtu si edhe videot nga rrjetet sociale.<\/p>\n<div class=\"ai-viewport-1\" data-insertion-position=\"prepend\" data-selector=\".ai-insert-1-57347401\" data-insertion-no-dbg=\"\" data-code=\"PGRpdiBjbGFzcz0nY29kZS1ibG9jayBjb2RlLWJsb2NrLTEgY29kZS1ibG9jay1pbmFydGljbGUtZGVza3RvcCcgc3R5bGU9J21hcmdpbjogOHB4IGF1dG87IHRleHQtYWxpZ246IGNlbnRlcjsgZGlzcGxheTogYmxvY2s7IGNsZWFyOiBib3RoOyB3aWR0aDogMzAwcHg7IGhlaWdodDogMzAwcHg7IGJhY2tncm91bmQtY29sb3I6ICNmZmZmZmY7Jz4KCjxkaXYgZGF0YS1hZC11bml0LWlkPSIvMjI2NDY2NTcxMTgvSW4tYXJ0aWNsZV9ib3hfOSI+PC9kaXY+CjwvZGl2Pgo=\" data-block=\"1\">\n<p>\u201cIN Turs\u201d \u00ebsht\u00eb kompani e regjistruar p\u00ebr transportin e udh\u00ebtar\u00ebve dhe mallrave q\u00eb nga viti 2015. Pronar i kompanis\u00eb \u00ebsht\u00eb Vlladimir Novakoviq, nd\u00ebrsa drejtor \u00ebsht\u00eb Marko Novakoviq.<\/p>\n<p>N\u00eb n\u00ebntor t\u00eb k\u00ebtij viti, Marko Novakoviq u zgjodh kryetar i Komitetit Komunal t\u00eb Partis\u00eb Fronti Popullor n\u00eb Rudo.<\/p>\n<p>Kryetare e k\u00ebsaj partie \u00ebsht\u00eb Jellena Triviq, e cila ishte deputete n\u00eb Parlamentin e Republik\u00ebs S\u00ebrpska.<\/p>\n<p>REL-i d\u00ebrgoi pyetje edhe te Partia Fronti Popullor \u2013 zyrtar i s\u00eb cil\u00ebs \u00ebsht\u00eb Novakoviq \u2013 lidhur me informacionet p\u00ebr k\u00ebto transporte, por nuk mori p\u00ebrgjigje.<\/p>\n<p>N\u00eb nj\u00eb deklarat\u00eb p\u00ebr REL-in, Marko Novakoviq tha se autobus\u00ebt e tij \u201ci kan\u00eb \u00e7uar ndoshta qytetar\u00ebt n\u00eb Beograd p\u00ebr t\u00eb votuar\u201d.<\/p>\n<p>\u201cKam qen\u00eb me nj\u00eb ekip\u201d, tha Novakoviq n\u00eb nj\u00eb deklarat\u00eb t\u00eb shkurt\u00ebr telefonike.<\/p>\n<div class=\"ai-viewport-1\" data-insertion-position=\"prepend\" data-selector=\".ai-insert-1-15475419\" data-insertion-no-dbg=\"\" data-code=\"PGRpdiBjbGFzcz0nY29kZS1ibG9jayBjb2RlLWJsb2NrLTEgY29kZS1ibG9jay1pbmFydGljbGUtZGVza3RvcCcgc3R5bGU9J21hcmdpbjogOHB4IGF1dG87IHRleHQtYWxpZ246IGNlbnRlcjsgZGlzcGxheTogYmxvY2s7IGNsZWFyOiBib3RoOyB3aWR0aDogMzAwcHg7IGhlaWdodDogMzAwcHg7IGJhY2tncm91bmQtY29sb3I6ICNmZmZmZmY7Jz4KCjxkaXYgZGF0YS1hZC11bml0LWlkPSIvMjI2NDY2NTcxMTgvSW4tYXJ0aWNsZV9ib3hfMTAiPjwvZGl2Pgo8L2Rpdj4K\" data-block=\"1\">\n<p>Kur u pyet n\u00ebse autobus\u00ebt shkuan n\u00eb aren\u00ebn e Beogradit, Novakoviq tha se \u201cshofer\u00ebt e din\u00eb k\u00ebt\u00eb\u201d.<\/p>\n<p>Ai nuk deshi t\u00eb tregoj\u00eb se kush e ka angazhuar k\u00ebt\u00eb kompani p\u00ebr transportin n\u00eb Beograd, duke th\u00ebn\u00eb se p\u00ebr k\u00ebt\u00eb kan\u00eb kontaktuar me menaxherin.<\/p>\n<p>Novakoviq tha se nuk e di se sa autobus\u00eb dhe votues ishin nga qyteti Rudo.<\/p>\n<p>Distanca nd\u00ebrmjet Rudos dhe Beogradit \u00ebsht\u00eb 316 kilometra. Qyteti m\u00eb i af\u00ebrt n\u00eb Serbi me Rudon \u00ebsht\u00eb Priboji \u2013 vet\u00ebm nj\u00ebzet kilometra larg.<\/p>\n<p>Nj\u00eb tjet\u00ebr kompani transportuese q\u00eb u vu re gjat\u00eb dit\u00ebs s\u00eb zgjedhjeve te \u201cShtark Arena\u201d n\u00eb Beograd, ishte \u201cKuna Tours\u201d.<\/p>\n<p>N\u00eb faqen e saj zyrtare n\u00eb Facebook, kjo kompani i postoi fotografit\u00eb e saj nga Beogradi.<\/p>\n<p>\u201cKuna Tours S.P.\u201d \u00ebsht\u00eb n\u00eb pron\u00ebsi t\u00eb Njegosh Kunaracit nga Fo\u00e7a. Nj\u00eb p\u00ebrfaq\u00ebsues i saj u p\u00ebrgjigj n\u00eb numrin e telefonit q\u00eb gjendet n\u00eb llogarin\u00eb e kompanis\u00eb n\u00eb Facebook.<\/p>\n<div class=\"ai-viewport-1\" data-insertion-position=\"prepend\" data-selector=\".ai-insert-1-95746643\" data-insertion-no-dbg=\"\" data-code=\"PGRpdiBjbGFzcz0nY29kZS1ibG9jayBjb2RlLWJsb2NrLTEgY29kZS1ibG9jay1pbmFydGljbGUtZGVza3RvcCcgc3R5bGU9J21hcmdpbjogOHB4IGF1dG87IHRleHQtYWxpZ246IGNlbnRlcjsgZGlzcGxheTogYmxvY2s7IGNsZWFyOiBib3RoOyB3aWR0aDogMzAwcHg7IGhlaWdodDogMzAwcHg7IGJhY2tncm91bmQtY29sb3I6ICNmZmZmZmY7Jz4KCjxkaXYgZGF0YS1hZC11bml0LWlkPSIvMjI2NDY2NTcxMTgvSW4tYXJ0aWNsZV9ib3hfMTEiPjwvZGl2Pgo8L2Rpdj4K\" data-block=\"1\">\n<p>N\u00eb nj\u00eb deklarat\u00eb t\u00eb shkurt\u00ebr p\u00ebr Radion Evropa e Lir\u00eb, ai tha se \u00ebsht\u00eb duke vozitur, por konfirmoi se autobus\u00ebt e k\u00ebsaj kompanie kan\u00eb qen\u00eb t\u00eb diel\u00ebn n\u00eb Beograd. Megjithat\u00eb, lidhja telefonike u nd\u00ebrpre shpejt. Ai nuk iu p\u00ebrgjigj mesazheve me pyetjet se kush e ka angazhuar dhe k\u00eb ka transportuar.<\/p>\n<p><strong>Drejtori i \u201cShtark Aren\u00ebs\u201d nuk e di se p\u00ebr \u00e7far\u00eb b\u00ebhet fjal\u00eb<\/strong><\/p>\n<p>\u201cShtark Arena\u201d e Beogradit \u00ebsht\u00eb nj\u00eb sall\u00eb n\u00eb pron\u00ebsi t\u00eb qytetit t\u00eb Beogradit.<\/p>\n<p>Goran G\u00ebrboviq, drejtor i saj, tha gjat\u00eb dit\u00ebs s\u00eb zgjedhjeve se nuk e di se p\u00ebr \u00e7far\u00eb b\u00ebhet fjal\u00eb.<\/p>\n<p>\u201cKemi nj\u00eb turne basketbolli k\u00ebtu, as nuk e di se p\u00ebr \u00e7far\u00eb b\u00ebhet fjal\u00eb\u201d, tha ai n\u00eb nj\u00eb prononcim p\u00ebr t\u00eb p\u00ebrjavshmen serbe \u201cVreme\u201d.<\/p>\n<p>Vlladimir Dimitrijeviq, kryetar i Komisionit Republikan Zgjedhor, tha se ngjarjet rreth aren\u00ebs nuk jan\u00eb t\u00eb ndaluara me ligj.<\/p>\n<div class=\"ai-viewport-1\" data-insertion-position=\"prepend\" data-selector=\".ai-insert-1-36941432\" data-insertion-no-dbg=\"\" data-code=\"PGRpdiBjbGFzcz0nY29kZS1ibG9jayBjb2RlLWJsb2NrLTEgY29kZS1ibG9jay1pbmFydGljbGUtZGVza3RvcCcgc3R5bGU9J21hcmdpbjogOHB4IGF1dG87IHRleHQtYWxpZ246IGNlbnRlcjsgZGlzcGxheTogYmxvY2s7IGNsZWFyOiBib3RoOyB3aWR0aDogMzAwcHg7IGhlaWdodDogMzAwcHg7IGJhY2tncm91bmQtY29sb3I6ICNmZmZmZmY7Jz4KCjxkaXYgZGF0YS1hZC11bml0LWlkPSIvMjI2NDY2NTcxMTgvSW4tYXJ0aWNsZV9ib3hfMTIiPjwvZGl2Pgo8L2Rpdj4K\" data-block=\"1\">\n<div class=\"single__article--content\" data-io-article-url=\"https:\/\/telegrafi.com\/kush-transportoi-votuesit-nga-kosova-dhe-bosnja-ne-serbi\/\">\n<p>\u201cLigji nuk i ndalon njer\u00ebzit t\u00eb mblidhen, edhe n\u00ebse q\u00ebllimi i tyre ishte t\u00eb votonin n\u00eb nj\u00eb qend\u00ebr votimi\u201d, tha ai.<\/p>\n<\/div>\n<\/div>\n<\/div>\n<\/div>\n<\/div>\n<\/div>\n<\/div>\n<\/div>\n<\/div>\n<\/div>\n<\/div>\n<\/div>\n<\/div>\n","protected":false},"excerpt":{"rendered":"<p>Votues nga Kosova, t\u00eb organizuar me autobus\u00eb, shkuan n\u00eb qytetet kufitare t\u00eb Serbis\u00eb p\u00ebr t\u00eb&#8230;<\/p>\n","protected":false},"author":1,"featured_media":0,"comment_status":"open","ping_status":"open","sticky":false,"template":"","format":"standard","meta":{"om_disable_all_campaigns":false,"_monsterinsights_skip_tracking":false,"_monsterinsights_sitenote_active":false,"_monsterinsights_sitenote_note":"","_monsterinsights_sitenote_category":0,"_uf_show_specific_survey":0,"_uf_disable_surveys":false,"footnotes":""},"categories":[1],"tags":[],"class_list":["post-6411","post","type-post","status-publish","format-standard","hentry","category-uncategorized"],"aioseo_notices":[],"views":28,"_links":{"self":[{"href":"https:\/\/used82.com\/index.php?rest_route=\/wp\/v2\/posts\/6411","targetHints":{"allow":["GET"]}}],"collection":[{"href":"https:\/\/used82.com\/index.php?rest_route=\/wp\/v2\/posts"}],"about":[{"href":"https:\/\/used82.com\/index.php?rest_route=\/wp\/v2\/types\/post"}],"author":[{"embeddable":true,"href":"https:\/\/used82.com\/index.php?rest_route=\/wp\/v2\/users\/1"}],"replies":[{"embeddable":true,"href":"https:\/\/used82.com\/index.php?rest_route=%2Fwp%2Fv2%2Fcomments&post=6411"}],"version-history":[{"count":0,"href":"https:\/\/used82.com\/index.php?rest_route=\/wp\/v2\/posts\/6411\/revisions"}],"wp:attachment":[{"href":"https:\/\/used82.com\/index.php?rest_route=%2Fwp%2Fv2%2Fmedia&parent=6411"}],"wp:term":[{"taxonomy":"category","embeddable":true,"href":"https:\/\/used82.com\/index.php?rest_route=%2Fwp%2Fv2%2Fcategories&post=6411"},{"taxonomy":"post_tag","embeddable":true,"href":"https:\/\/used82.com\/index.php?rest_route=%2Fwp%2Fv2%2Ftags&post=6411"}],"curies":[{"name":"wp","href":"https:\/\/api.w.org\/{rel}","templated":true}]}}