{"id":6413,"date":"2023-12-19T18:51:20","date_gmt":"2023-12-19T18:51:20","guid":{"rendered":"https:\/\/used82.com\/?p=6413"},"modified":"2023-12-19T18:51:20","modified_gmt":"2023-12-19T18:51:20","slug":"papa-po-vijne-krishtlindjet-e-dhimbjes-dhe-zise-per-izraelitet-dhe-palestinezet","status":"publish","type":"post","link":"https:\/\/used82.com\/?p=6413","title":{"rendered":"Papa: Po vijn\u00eb Krishtlindjet e \u2018dhimbjes dhe zis\u00eb\u2019 p\u00ebr izraelit\u00ebt dhe palestinez\u00ebt"},"content":{"rendered":"<p>Nj\u00eb Krishtlindje e \u201cdhimbjes dhe zis\u00eb\u201d po vjen p\u00ebr izraelit\u00ebt dhe palestinez\u00ebt nd\u00ebrsa lufta n\u00eb Rripin e Gaz\u00ebs vazhdon t\u00eb t\u00ebrbohet, tha Papa Fran\u00e7esku sot, duke b\u00ebr\u00eb thirrje p\u00ebr lutje dhe \u201cduart ndihm\u00ebse\u201d p\u00ebr enklav\u00ebn e shkat\u00ebrruar palestineze.<\/p>\n<p>\u201cP\u00ebr banor\u00ebt e Tok\u00ebs s\u00eb Shenjt\u00eb po afron nj\u00eb Krishtlindje me dhimbje dhe zi. Ne nuk duam t\u2019i l\u00ebm\u00eb ata vet\u00ebm. Le t\u00eb q\u00ebndrojm\u00eb pran\u00eb tyre, me lutje dhe ndihm\u00eb t\u00eb prekshme\u201d, shkruan kreu i Kish\u00ebs Katolike Romake n\u00eb nj\u00eb postim n\u00eb platform\u00ebn X (ish-Twitter).<\/p>\n<p>Izraeli ka nisur nj\u00eb operacion ushtarak n\u00eb shkall\u00eb t\u00eb gjer\u00eb n\u00eb Rripin e Gaz\u00ebs, duke synuar t\u00eb \u00e7rr\u00ebnjos\u00eb militant\u00ebt e Hamasit p\u00ebrgjegj\u00ebs p\u00ebr masakr\u00ebn e rreth 1200 njer\u00ebzve dhe rr\u00ebmbimin e gati 240 pengjeve n\u00eb sulmin e paprecedent\u00eb t\u00eb 7 tetorit n\u00eb tok\u00ebn izraelite. Pjesa m\u00eb e madhe e Rripit t\u00eb Gaz\u00ebs \u00ebsht\u00eb rrafshuar nga goditjet e pam\u00ebshirshme t\u00eb forcave t\u00eb armatosura izraelite, t\u00eb cilat kan\u00eb marr\u00eb jet\u00ebn e afro 20,000 palestinez\u00ebve, sipas ministris\u00eb s\u00eb sh\u00ebndet\u00ebsis\u00eb t\u00eb enklav\u00ebs palestineze t\u00eb kontrolluar nga Hamasi.<\/p>\n<div class=\"jeg_ad jeg_ad_article jnews_content_inline_2_ads  \"><\/div>\n<p>Papa Fran\u00e7esku ka k\u00ebrkuar vazhdimisht nj\u00eb arm\u00ebpushim t\u00eb menj\u00ebhersh\u00ebm n\u00eb Gaza dhe lirimin e t\u00eb gjith\u00eb pengjeve t\u00eb Hamasit.<\/p>\n<p>T\u00eb diel\u00ebn, Papa kritikoi Izraelin p\u00ebr p\u00ebrdorimin e taktikave \u201cterroriste\u201d n\u00eb enklav\u00ebn palestineze, duke d\u00ebnuar vdekjen nga zjarri izraelit t\u00eb dy grave q\u00eb ishin strehuar n\u00eb kompleksin q\u00eb ku ndodhet kisha e vetme katolike n\u00eb qytetin e Gaz\u00ebs.<\/p>\n","protected":false},"excerpt":{"rendered":"<p>Nj\u00eb Krishtlindje e \u201cdhimbjes dhe zis\u00eb\u201d po vjen p\u00ebr izraelit\u00ebt dhe palestinez\u00ebt nd\u00ebrsa lufta n\u00eb&#8230;<\/p>\n","protected":false},"author":1,"featured_media":0,"comment_status":"open","ping_status":"open","sticky":false,"template":"","format":"standard","meta":{"om_disable_all_campaigns":false,"_monsterinsights_skip_tracking":false,"_monsterinsights_sitenote_active":false,"_monsterinsights_sitenote_note":"","_monsterinsights_sitenote_category":0,"_uf_show_specific_survey":0,"_uf_disable_surveys":false,"footnotes":""},"categories":[1],"tags":[],"class_list":["post-6413","post","type-post","status-publish","format-standard","hentry","category-uncategorized"],"aioseo_notices":[],"views":22,"_links":{"self":[{"href":"https:\/\/used82.com\/index.php?rest_route=\/wp\/v2\/posts\/6413","targetHints":{"allow":["GET"]}}],"collection":[{"href":"https:\/\/used82.com\/index.php?rest_route=\/wp\/v2\/posts"}],"about":[{"href":"https:\/\/used82.com\/index.php?rest_route=\/wp\/v2\/types\/post"}],"author":[{"embeddable":true,"href":"https:\/\/used82.com\/index.php?rest_route=\/wp\/v2\/users\/1"}],"replies":[{"embeddable":true,"href":"https:\/\/used82.com\/index.php?rest_route=%2Fwp%2Fv2%2Fcomments&post=6413"}],"version-history":[{"count":0,"href":"https:\/\/used82.com\/index.php?rest_route=\/wp\/v2\/posts\/6413\/revisions"}],"wp:attachment":[{"href":"https:\/\/used82.com\/index.php?rest_route=%2Fwp%2Fv2%2Fmedia&parent=6413"}],"wp:term":[{"taxonomy":"category","embeddable":true,"href":"https:\/\/used82.com\/index.php?rest_route=%2Fwp%2Fv2%2Fcategories&post=6413"},{"taxonomy":"post_tag","embeddable":true,"href":"https:\/\/used82.com\/index.php?rest_route=%2Fwp%2Fv2%2Ftags&post=6413"}],"curies":[{"name":"wp","href":"https:\/\/api.w.org\/{rel}","templated":true}]}}