{"id":6415,"date":"2023-12-19T18:52:44","date_gmt":"2023-12-19T18:52:44","guid":{"rendered":"https:\/\/used82.com\/?p=6415"},"modified":"2023-12-19T18:52:44","modified_gmt":"2023-12-19T18:52:44","slug":"proteste-e-re-ne-serbi-lidhur-me-pretendimet-per-mashtrime-zgjedhore","status":"publish","type":"post","link":"https:\/\/used82.com\/?p=6415","title":{"rendered":"Protest\u00eb e re n\u00eb Serbi lidhur me pretendimet p\u00ebr mashtrime zgjedhore"},"content":{"rendered":"<p>Me ftes\u00ebn e koalicionit m\u00eb t\u00eb madh opozitar n\u00eb Serbi, m\u00eb 19 dhjetor protestuesit u mblodh\u00ebn s\u00ebrish para selis\u00eb s\u00eb Komisionit Republikan Zgjedhor n\u00eb qend\u00ebr t\u00eb Beogradit, duke k\u00ebrkuar anulimin e zgjedhjeve n\u00eb kryeqytetin serb.<\/p>\n<p>Nj\u00eb k\u00ebrkes\u00eb t\u00eb till\u00eb nj\u00eb dit\u00eb m\u00eb par\u00eb \u00ebsht\u00eb dor\u00ebzuar n\u00eb k\u00ebt\u00eb komision nga koalicioni \u201cSerbia kund\u00ebr dhun\u00ebs\u201d, q\u00eb pretendon se partia n\u00eb pushtet, Partia Progresive Serbe (SNS), ka manipuluar rezultatet zgjedhore n\u00eb Beograd.<br \/>\nProtestuesit brohorit\u00ebn \u201cTradhti\u201d, \u201cLargohuni\u201d, e disa mbanin pankarta me mesazhe sikurse \u201cUn\u00eb nuk votoj\u201d dhe \u201cVotuesit u vodh\u00ebn\u201d.<\/p>\n<p>M\u00eb 19 dhjetor, nj\u00eb prej lider\u00ebve t\u00eb koalicionit opozitar, Mirosllav Alleksiq, p\u00ebrs\u00ebriti pretendimet p\u00ebr mashtrime zgjedhore gjat\u00eb nj\u00eb adresimi para nd\u00ebrtes\u00ebs s\u00eb Komisionit Republikan Zgjedhor.<\/p>\n<div class=\"jeg_ad jeg_ad_article jnews_content_inline_2_ads  \"><\/div>\n<p>Ai tha se 42.000 persona, pa vendbanim t\u00eb ligjsh\u00ebm, u soll\u00ebn n\u00eb Beograd n\u00eb nj\u00eb m\u00ebnyr\u00eb t\u00eb organizuar p\u00ebr t\u00eb mb\u00ebshtetur list\u00ebn zgjedhore t\u00eb SNS-s\u00eb.<\/p>\n<p>M\u00eb 18 dhjetor, Alkeksiq dhe liderja tjet\u00ebr e koalicionit, Marinika Tepiq, nis\u00ebn nj\u00eb grev\u00eb urie n\u00eb nd\u00ebrtes\u00ebn e Komisionit Republikan Zgjedhor.<\/p>\n<p>\u201cNe do t\u00eb vazhdojm\u00eb t\u00eb q\u00ebndrojm\u00eb n\u00eb Komision derisa k\u00ebrkesa jon\u00eb t\u00eb plot\u00ebsohet \u2013 zgjedhjet u vodh\u00ebn, ato duhet t\u00eb anulohen dhe duhet t\u00eb thirren zgjedhje t\u00eb reja me nj\u00eb list\u00eb t\u00eb pastruar t\u00eb votuesve\u201d, tha Alleksiq p\u00ebr gazetar\u00ebt gjat\u00eb protest\u00ebs.<\/p>\n<p>Edhe nj\u00eb dit\u00eb m\u00eb par\u00eb, me ftes\u00eb t\u00eb lider\u00ebve opozitar\u00eb ishte mbajtur nj\u00eb protest\u00eb para selis\u00eb s\u00eb Komisionit Republikan Zgjedhor.<\/p>\n<p>SNS ka mohuar akuzat se ka ndryshuar vullnetin zgjedhor dhe se n\u00eb zgjedhje ka pasur parregullsi.<\/p>\n<p>Kreu i SNS-s\u00eb, Millosh Vu\u00e7eviq, tha m\u00eb 19 dhjetor se ai pret q\u00eb kandidati i tyre, Aleksandar Shapiq, t\u00eb b\u00ebhet s\u00ebrish kryetar i Beogradit, sepse sipas tij, lista e SNS-s\u00eb ka fituar zgjedhjet n\u00eb kryeqytetin serb.<\/p>\n<p>Sipas rezultateve preliminare p\u00ebr zgjedhjet n\u00eb Beograd, lista e SNS-s\u00eb ka fituar 49 nga 100 mandatet dhe \u201cSerbia kund\u00ebr dhun\u00ebs\u201d ka fituar 42.<\/p>\n<p>SNS ka shpallur fitore n\u00eb t\u00eb gjitha nivelet.<\/p>\n<p>V\u00ebzhguesit vendor\u00eb dhe nd\u00ebrkomb\u00ebtar\u00eb kan\u00eb th\u00ebn\u00eb se gjat\u00eb zgjedhjeve parlamentare, lokale dhe krahinore ka pasur parregullsi.<\/p>\n","protected":false},"excerpt":{"rendered":"<p>Me ftes\u00ebn e koalicionit m\u00eb t\u00eb madh opozitar n\u00eb Serbi, m\u00eb 19 dhjetor protestuesit u&#8230;<\/p>\n","protected":false},"author":1,"featured_media":0,"comment_status":"open","ping_status":"open","sticky":false,"template":"","format":"standard","meta":{"om_disable_all_campaigns":false,"_monsterinsights_skip_tracking":false,"_monsterinsights_sitenote_active":false,"_monsterinsights_sitenote_note":"","_monsterinsights_sitenote_category":0,"_uf_show_specific_survey":0,"_uf_disable_surveys":false,"footnotes":""},"categories":[1],"tags":[],"class_list":["post-6415","post","type-post","status-publish","format-standard","hentry","category-uncategorized"],"aioseo_notices":[],"views":24,"_links":{"self":[{"href":"https:\/\/used82.com\/index.php?rest_route=\/wp\/v2\/posts\/6415","targetHints":{"allow":["GET"]}}],"collection":[{"href":"https:\/\/used82.com\/index.php?rest_route=\/wp\/v2\/posts"}],"about":[{"href":"https:\/\/used82.com\/index.php?rest_route=\/wp\/v2\/types\/post"}],"author":[{"embeddable":true,"href":"https:\/\/used82.com\/index.php?rest_route=\/wp\/v2\/users\/1"}],"replies":[{"embeddable":true,"href":"https:\/\/used82.com\/index.php?rest_route=%2Fwp%2Fv2%2Fcomments&post=6415"}],"version-history":[{"count":0,"href":"https:\/\/used82.com\/index.php?rest_route=\/wp\/v2\/posts\/6415\/revisions"}],"wp:attachment":[{"href":"https:\/\/used82.com\/index.php?rest_route=%2Fwp%2Fv2%2Fmedia&parent=6415"}],"wp:term":[{"taxonomy":"category","embeddable":true,"href":"https:\/\/used82.com\/index.php?rest_route=%2Fwp%2Fv2%2Fcategories&post=6415"},{"taxonomy":"post_tag","embeddable":true,"href":"https:\/\/used82.com\/index.php?rest_route=%2Fwp%2Fv2%2Ftags&post=6415"}],"curies":[{"name":"wp","href":"https:\/\/api.w.org\/{rel}","templated":true}]}}