{"id":6417,"date":"2023-12-19T19:22:54","date_gmt":"2023-12-19T19:22:54","guid":{"rendered":"https:\/\/used82.com\/?p=6417"},"modified":"2023-12-19T19:22:54","modified_gmt":"2023-12-19T19:22:54","slug":"blero-reagon-pas-daljes-nga-bbvk-faleminderit-per-mbeshtetjen-dhe-meme-t","status":"publish","type":"post","link":"https:\/\/used82.com\/?p=6417","title":{"rendered":"Blero reagon pas daljes nga BBVK: Faleminderit p\u00ebr mb\u00ebshtetjen dhe \u201cmeme-t\u201d"},"content":{"rendered":"<article id=\"post-13778\" class=\"post-13778 post type-post status-publish format-standard has-post-thumbnail hentry category-uncategorized\">\n<div class=\"entry-content\">\n<p>Ndon\u00ebse shihej si finalist dhe favorit p\u00ebr t\u00eb fituar k\u00ebt\u00eb spektak\u00ebl, jav\u00ebn e kaluar Blero vendosi t\u00eb t\u00ebrhiqej nga loja.<ins><\/ins><\/p>\n<div class=\"des-adv\"><\/div>\n<p>Ai menj\u00ebher\u00eb ka takuar familjen, vajz\u00ebn dhe t\u00eb dashur\u00ebn e tij.<\/p>\n<div class=\"code-block code-block-3\"><\/div>\n<div class=\"des-adv shteti\"><\/div>\n<p>N\u00eb nj\u00eb reagim n\u00eb Instagram, Blero gjithashtu ka gjetur koh\u00eb t\u00eb fal\u00ebnderoj\u00eb edhe fansat p\u00ebr mb\u00ebshtetjen.<\/p>\n<p>\u201cP\u00ebrsh\u00ebndetje t\u00eb gjithve. Po filloj me fjal\u00ebn m\u00eb t\u00eb bukur q\u00eb ju takon juve: Faleminderit. Big Brother ka qen\u00eb nj\u00eb eksperienc\u00eb shum\u00eb interesante, nj\u00eb sfid\u00eb me veten. Mua mu desh t\u2019i marr ca dit\u00eb pushim nga gjith\u00e7ka dhe m\u2019i kalu me t\u00eb dashurit e mi. Jam falend\u00ebrues p\u00ebr gjith\u00eb k\u00ebt\u00eb mb\u00ebshtetje q\u00eb ma keni b\u00ebr\u00eb, p\u00ebr \u00e7do mesazh q\u00eb e keni d\u00ebrgu p\u00ebr mu dhe p\u00ebr t\u00eb gjitha \u201cmeme-t\u201d. Shpresoj shum\u00eb q\u00eb nuk iu kam zhgenjy me daljen time, por e kam pas\u00eb t\u00eb domosdoshme. Ju premotj se do t\u00eb jem m\u00eb aktiv, si me muzik\u00eb, ashtu edhe me rrjetet sociale, p\u00ebr ju. Ju jeni ata q\u00eb m\u00eb keni mbajt\u00eb n\u00eb sken\u00eb q\u00eb 20 vite dhe ka ardh\u00eb koha me ju shp\u00ebrbly me plot energji. I juaji, Blero\u201d ka shkruar ai.<\/p>\n<div class=\"code-block code-block-4\"><\/div>\n<figure class=\"wp-block-image\"><img decoding=\"async\" class=\"wp-image-1802189\" src=\"https:\/\/indeksonline.net\/wp-content\/uploads\/2023\/12\/image-52.png\" alt=\"\" \/><\/figure>\n<div class=\"code-block code-block-1\"><\/div>\n<\/div>\n<div class=\"entry-tags\"><\/div>\n<\/article>\n<div class=\"entry-footer\">\n<div class=\"share-icons\"><\/div>\n<\/div>\n<div class=\"author-box clear\"><\/div>\n","protected":false},"excerpt":{"rendered":"<p>Ndon\u00ebse shihej si finalist dhe favorit p\u00ebr t\u00eb fituar k\u00ebt\u00eb spektak\u00ebl, jav\u00ebn e kaluar Blero&#8230;<\/p>\n","protected":false},"author":1,"featured_media":0,"comment_status":"open","ping_status":"open","sticky":false,"template":"","format":"standard","meta":{"om_disable_all_campaigns":false,"_monsterinsights_skip_tracking":false,"_monsterinsights_sitenote_active":false,"_monsterinsights_sitenote_note":"","_monsterinsights_sitenote_category":0,"_uf_show_specific_survey":0,"_uf_disable_surveys":false,"footnotes":""},"categories":[1],"tags":[],"class_list":["post-6417","post","type-post","status-publish","format-standard","hentry","category-uncategorized"],"aioseo_notices":[],"views":24,"_links":{"self":[{"href":"https:\/\/used82.com\/index.php?rest_route=\/wp\/v2\/posts\/6417","targetHints":{"allow":["GET"]}}],"collection":[{"href":"https:\/\/used82.com\/index.php?rest_route=\/wp\/v2\/posts"}],"about":[{"href":"https:\/\/used82.com\/index.php?rest_route=\/wp\/v2\/types\/post"}],"author":[{"embeddable":true,"href":"https:\/\/used82.com\/index.php?rest_route=\/wp\/v2\/users\/1"}],"replies":[{"embeddable":true,"href":"https:\/\/used82.com\/index.php?rest_route=%2Fwp%2Fv2%2Fcomments&post=6417"}],"version-history":[{"count":0,"href":"https:\/\/used82.com\/index.php?rest_route=\/wp\/v2\/posts\/6417\/revisions"}],"wp:attachment":[{"href":"https:\/\/used82.com\/index.php?rest_route=%2Fwp%2Fv2%2Fmedia&parent=6417"}],"wp:term":[{"taxonomy":"category","embeddable":true,"href":"https:\/\/used82.com\/index.php?rest_route=%2Fwp%2Fv2%2Fcategories&post=6417"},{"taxonomy":"post_tag","embeddable":true,"href":"https:\/\/used82.com\/index.php?rest_route=%2Fwp%2Fv2%2Ftags&post=6417"}],"curies":[{"name":"wp","href":"https:\/\/api.w.org\/{rel}","templated":true}]}}