{"id":6419,"date":"2023-12-19T19:25:57","date_gmt":"2023-12-19T19:25:57","guid":{"rendered":"https:\/\/used82.com\/?p=6419"},"modified":"2023-12-19T19:25:57","modified_gmt":"2023-12-19T19:25:57","slug":"vdes-ne-moshen-52-vjecare-ish-futbollisti-kosovar","status":"publish","type":"post","link":"https:\/\/used82.com\/?p=6419","title":{"rendered":"Vdes n\u00eb mosh\u00ebn 52-vje\u00e7are ish-futbollisti kosovar"},"content":{"rendered":"<article id=\"post-13775\" class=\"post-13775 post type-post status-publish format-standard has-post-thumbnail hentry category-uncategorized\">\n<div class=\"entry-content\">\n<p><strong>Ka vdekur Naim Xhakoli, ish futbollist i Kosov\u00ebs s\u00eb Vushtrris\u00eb.<\/strong><\/p>\n<div class=\"des-adv\"><\/div>\n<p>Lajmin e ka b\u00ebr\u00eb t\u00eb ditur Sk\u00ebnder Shabani, ish hendbollist.<\/p>\n<div class=\"code-block code-block-3\"><\/div>\n<div class=\"des-adv shteti\"><\/div>\n<p>Xhakoli ka nd\u00ebrruar n\u00eb mosh\u00ebn 52-vje\u00e7are.<\/p>\n<p>I lindur me 1970 si ri u aktivizua n\u00eb KF Kosova Vushtrri ku menj\u00ebher\u00eb si i ri ra n\u00eb syt\u00eb e drejtuesve t\u00eb KF Trep\u00e7a, ekip n\u00eb t\u00eb cilin u transferua.<\/p>\n<div class=\"code-block code-block-4\"><\/div>\n<p>Derisa regjimi serb filloi ta k\u00ebrkonte p\u00ebr ta kryer sh\u00ebrbimin ushtarak, p\u00ebr ket\u00eb shkak ai u largua n\u00eb vitin 1991 n\u00eb Gjermani, ku u aktivizua fillimisht ne Entracht Trier e pastaj Sv Prum 1920 n\u00eb Oberliga Pfalz.<\/p>\n<div class=\"code-block code-block-5\"><\/div>\n<div class=\"des-adv shteti\"><\/div>\n<figure class=\"wp-block-image size-full\"><img loading=\"lazy\" decoding=\"async\" class=\"wp-image-1727061\" src=\"https:\/\/insajderi.org\/wp-content\/uploads\/2023\/12\/auto_61702986528.jpg\" sizes=\"auto, (max-width: 850px) 100vw, 850px\" srcset=\"https:\/\/insajderi.org\/wp-content\/uploads\/2023\/12\/auto_61702986528.jpg 850w, https:\/\/insajderi.org\/wp-content\/uploads\/2023\/12\/auto_61702986528-768x607.jpg 768w\" alt=\"\" width=\"850\" height=\"672\" \/><\/figure>\n<\/div>\n<\/article>\n","protected":false},"excerpt":{"rendered":"<p>Ka vdekur Naim Xhakoli, ish futbollist i Kosov\u00ebs s\u00eb Vushtrris\u00eb. Lajmin e ka b\u00ebr\u00eb t\u00eb&#8230;<\/p>\n","protected":false},"author":1,"featured_media":0,"comment_status":"open","ping_status":"open","sticky":false,"template":"","format":"standard","meta":{"om_disable_all_campaigns":false,"_monsterinsights_skip_tracking":false,"_monsterinsights_sitenote_active":false,"_monsterinsights_sitenote_note":"","_monsterinsights_sitenote_category":0,"_uf_show_specific_survey":0,"_uf_disable_surveys":false,"footnotes":""},"categories":[1],"tags":[],"class_list":["post-6419","post","type-post","status-publish","format-standard","hentry","category-uncategorized"],"aioseo_notices":[],"views":28,"_links":{"self":[{"href":"https:\/\/used82.com\/index.php?rest_route=\/wp\/v2\/posts\/6419","targetHints":{"allow":["GET"]}}],"collection":[{"href":"https:\/\/used82.com\/index.php?rest_route=\/wp\/v2\/posts"}],"about":[{"href":"https:\/\/used82.com\/index.php?rest_route=\/wp\/v2\/types\/post"}],"author":[{"embeddable":true,"href":"https:\/\/used82.com\/index.php?rest_route=\/wp\/v2\/users\/1"}],"replies":[{"embeddable":true,"href":"https:\/\/used82.com\/index.php?rest_route=%2Fwp%2Fv2%2Fcomments&post=6419"}],"version-history":[{"count":0,"href":"https:\/\/used82.com\/index.php?rest_route=\/wp\/v2\/posts\/6419\/revisions"}],"wp:attachment":[{"href":"https:\/\/used82.com\/index.php?rest_route=%2Fwp%2Fv2%2Fmedia&parent=6419"}],"wp:term":[{"taxonomy":"category","embeddable":true,"href":"https:\/\/used82.com\/index.php?rest_route=%2Fwp%2Fv2%2Fcategories&post=6419"},{"taxonomy":"post_tag","embeddable":true,"href":"https:\/\/used82.com\/index.php?rest_route=%2Fwp%2Fv2%2Ftags&post=6419"}],"curies":[{"name":"wp","href":"https:\/\/api.w.org\/{rel}","templated":true}]}}