{"id":6421,"date":"2023-12-19T19:28:06","date_gmt":"2023-12-19T19:28:06","guid":{"rendered":"https:\/\/used82.com\/?p=6421"},"modified":"2023-12-19T19:28:06","modified_gmt":"2023-12-19T19:28:06","slug":"me-6-vota-pro-i-hiqet-mandati-sali-berishes-kush-eshte-deputeti-demokrat-qe-tradhtoi-ish-kryeministrin","status":"publish","type":"post","link":"https:\/\/used82.com\/?p=6421","title":{"rendered":"Me 6 vota pro, i hiqet mandati Sali Berish\u00ebs! Kush \u00ebsht\u00eb deputeti demokrat q\u00eb \u201ctradhtoi\u201d ish-kryeministrin"},"content":{"rendered":"<p>K\u00ebshilli i Mandateve ka miratuar pak m\u00eb par\u00eb k\u00ebrkes\u00ebn e SPAK p\u00ebr dh\u00ebnie autorizimi p\u00ebr arrestimin e ish-kryeministrit Sali Berisha, duke i hequr mandatin e deputetit.<\/p>\n<p>K\u00ebrkesa u miratua me 6 vota pro asnj\u00eb kund\u00ebr dhe asnj\u00eb abstenim, teksa n\u00eb votim p\u00ebrve\u00e7 deputet\u00ebve t\u00eb mazhoranc\u00ebs, mori pjes\u00eb edhe deputeti i Partis\u00eb Demokratike, Enkelejd Alibeaj. N\u00eb lidhje me vot\u00ebn e tij, ai tha se vendosi q\u00eb ta miratonte k\u00ebt\u00eb k\u00ebrkes\u00eb sepse duhet t\u00eb ket\u00eb zero imunitet p\u00ebr t\u00eb gjith\u00eb deputet\u00ebt.<\/p>\n<div id=\"advads-1175423066\" class=\"advads-content_2\"><\/div>\n<p>Nd\u00ebrkoh\u00eb K\u00ebshilli ka caktuar edhe Klotilda Bushka si relatore, e cila do t\u00eb p\u00ebrcaktoj\u00eb raportin.<\/p>\n<div id=\"advads-568974973\" class=\"advads-contenuto\"><\/div>\n<p>Ky raport sipas kryetares s\u00eb Kuvendit, Linida Nikolla duhet t\u00eb jet\u00eb gati deri dit\u00ebn e m\u00ebrkur\u00eb n\u00eb or\u00ebn 14:00 n\u00eb m\u00ebnyr\u00eb q\u00eb t\u2019ia kalojn\u00eb Kuvendit n\u00eb seanc\u00ebn e dat\u00ebs 21 dhjetor.<\/p>\n<div id=\"advads-1915548960\" class=\"advads-contenuto_3\"><\/div>\n<div id=\"advads-1274240090\" class=\"advads-content\"><\/div>\n<p>SPAK k\u00ebrkoi arrestimin e Sali Berish\u00ebs, pasi ish-kryeministri nuk zbatoi mas\u00ebn e sguris\u00eb t\u00eb vendosur parpaprakisht ndaj tij, at\u00eb t\u00eb detyrimit t\u00eb paraqitjes. Berisha \u00ebsht\u00eb n\u00ebn hetim n\u00eb lidhje me privatizimin e ish-kompleksit \u201cPartizani\u201d.<\/p>\n","protected":false},"excerpt":{"rendered":"<p>K\u00ebshilli i Mandateve ka miratuar pak m\u00eb par\u00eb k\u00ebrkes\u00ebn e SPAK p\u00ebr dh\u00ebnie autorizimi p\u00ebr&#8230;<\/p>\n","protected":false},"author":1,"featured_media":0,"comment_status":"open","ping_status":"open","sticky":false,"template":"","format":"standard","meta":{"om_disable_all_campaigns":false,"_monsterinsights_skip_tracking":false,"_monsterinsights_sitenote_active":false,"_monsterinsights_sitenote_note":"","_monsterinsights_sitenote_category":0,"_uf_show_specific_survey":0,"_uf_disable_surveys":false,"footnotes":""},"categories":[1],"tags":[],"class_list":["post-6421","post","type-post","status-publish","format-standard","hentry","category-uncategorized"],"aioseo_notices":[],"views":33,"_links":{"self":[{"href":"https:\/\/used82.com\/index.php?rest_route=\/wp\/v2\/posts\/6421","targetHints":{"allow":["GET"]}}],"collection":[{"href":"https:\/\/used82.com\/index.php?rest_route=\/wp\/v2\/posts"}],"about":[{"href":"https:\/\/used82.com\/index.php?rest_route=\/wp\/v2\/types\/post"}],"author":[{"embeddable":true,"href":"https:\/\/used82.com\/index.php?rest_route=\/wp\/v2\/users\/1"}],"replies":[{"embeddable":true,"href":"https:\/\/used82.com\/index.php?rest_route=%2Fwp%2Fv2%2Fcomments&post=6421"}],"version-history":[{"count":0,"href":"https:\/\/used82.com\/index.php?rest_route=\/wp\/v2\/posts\/6421\/revisions"}],"wp:attachment":[{"href":"https:\/\/used82.com\/index.php?rest_route=%2Fwp%2Fv2%2Fmedia&parent=6421"}],"wp:term":[{"taxonomy":"category","embeddable":true,"href":"https:\/\/used82.com\/index.php?rest_route=%2Fwp%2Fv2%2Fcategories&post=6421"},{"taxonomy":"post_tag","embeddable":true,"href":"https:\/\/used82.com\/index.php?rest_route=%2Fwp%2Fv2%2Ftags&post=6421"}],"curies":[{"name":"wp","href":"https:\/\/api.w.org\/{rel}","templated":true}]}}