{"id":6423,"date":"2023-12-20T06:03:11","date_gmt":"2023-12-20T06:03:11","guid":{"rendered":"https:\/\/used82.com\/?p=6423"},"modified":"2023-12-20T06:03:11","modified_gmt":"2023-12-20T06:03:11","slug":"vellai-i-irfan-hotit-ai-se-ka-organizu-garen-as-penguar-qarkullimin-ne-rruge-makina-ka-humbur-kontrollin-per-shkak-te-motit-te-keq","status":"publish","type":"post","link":"https:\/\/used82.com\/?p=6423","title":{"rendered":"V\u00ebllai i Irfan Hotit: Ai s\u2019e ka organizu gar\u00ebn as penguar qarkullimin n\u00eb rrug\u00eb, makina ka humbur kontrollin p\u00ebr shkak t\u00eb motit t\u00eb keq"},"content":{"rendered":"<p>Qamil Hoti, v\u00ebllai i Irfan Hotit, nj\u00ebrit prej t\u00eb akuzuarve p\u00ebr \u201cRrezikim t\u00eb trafikut publik\u201d, n\u00eb rastin ku tre t\u00eb rinj vdiq\u00ebn n\u00eb aksidentin n\u00eb autostrad\u00ebn \u201cIbrahim Rugova\u201d, ka dal\u00eb me nj\u00eb reagim publik p\u00ebr t\u00eb demantuar disa informacione.<\/p>\n<p>Hoti thot\u00eb se \u00ebsht\u00eb e pav\u00ebrtet\u00eb q\u00eb v\u00ebllai i tij iu ka afruar makin\u00ebs Golf V duke e penguar qarkullimin n\u00eb rrug\u00eb dhe kinse p\u00ebr at\u00eb arsye, shoferi tjet\u00ebr e ka humbur kontrollin n\u00eb vetur\u00eb, transmeton lajmi.net.<\/p>\n<div class=\"code-block code-block-3\"><\/div>\n<p>\u201cGara filloj dhe pas disa metrave makina golf 5 frenon dhe per shkak te motit te keq ajo rreshqet dhe humb kontrollin duke goditur kembesoret qe ishin duke e shikuar ngjarjen dhe per pasoj le te vdekur 3 persona dhe lendon 3 te tjer\u201d, ka deklaruar Hoti.<\/p>\n<p>Tutje ai ka th\u00ebn\u00eb se p\u00ebr k\u00ebt\u00eb posedon edhe video-d\u00ebshmi.<\/p>\n<div class=\"code-block code-block-4\"><\/div>\n<p>\u201cNe kemi siguruar Video-fakte qe nuk u publikuan ne media se Irfani nuk ju afrua makines tjeter, kemi edhe deshmitar qe ishin ne vendin e ngjarjes nder ta ishin edhe disa familjar te ndjerit Nue Bibaj. Ne ja kemi len qdo gje ne dore drejtesis dhe presim qe rastin ta zbulojn sa me shpejt. Edhe njeher ndjej keqardhje dhe ju shprehi ngushllime familjarve te viktimave dhe sherim sa me te shpejt te lenduarve dhe kerkoj nga njerzit tjer qe ti ndalin ofendimet te kan pak mirkuptim sepse te gjith ata ishin shok me njeri tjetrin dhe asgje nuk u be qellimisht askush sdo tkishte deshiruar qe kjo te ndodh\u201d, ka shkruar Qamil Hoti.<\/p>\n<div class=\"code-block code-block-5\"><\/div>\n<div class=\"ai-viewport-1\" data-insertion-position=\"prepend\" data-selector=\".ai-insert-5-11152885\" data-insertion-no-dbg=\"\" data-code=\"PGRpdiBjbGFzcz0nY29kZS1ibG9jayBjb2RlLWJsb2NrLTUnIHN0eWxlPSdtYXJnaW46IDhweCAwOyBjbGVhcjogYm90aDsnPgo8ZGl2IGlkPSJnal81Ij4KICAgIDxzY3JpcHQgdHlwZT0idGV4dC9qYXZhc2NyaXB0Ij4KICAgICAgICB3aW5kb3cuQU5Db25maWcgPSB3aW5kb3cuQU5Db25maWcgfHwge307CiAgICAgICAgd2luZG93LkFOQ29uZmlnLnBsYWNlbWVudHMgPSB3aW5kb3cuQU5Db25maWcucGxhY2VtZW50cyB8fCBbXTsKCiAgICAgICAgd2luZG93LkFOQ29uZmlnLnBsYWNlbWVudHMucHVzaCh7CiAgICAgICAgICAgIGFkVW5pdElkOiAnZ2pfNScsCiAgICAgICAgICAgIHByb3BlcnR5SWQ6ICcxMDUyNjcnLAogICAgICAgICAgICBwbGFjZW1lbnRJZDogJzg0NjA2NScsCiAgICAgICAgICAgIGRhdGE6IHsKICAgICAgICAgICAgfSwKICAgICAgICAgICAgb25Mb2FkOiBmdW5jdGlvbiAoYWRVbml0SWQpIHsKICAgICAgICAgICAgICAgIGNvbnNvbGUubG9nKCcxJywgYWRVbml0SWQpOwogICAgICAgICAgICB9LAogICAgICAgICAgICBvbkZhaWw6IGZ1bmN0aW9uIChhZFVuaXRJZCkgewogICAgICAgICAgICAgICAgY29uc29sZS5sb2coJzAnLCBhZFVuaXRJZCk7CiAgICAgICAgICAgICAgICAvL2ZhbGxiYWNrIGNvZGUKICAgICAgICAgICAgfSwKICAgICAgICB9KTsKCiAgICAgICAgKGZ1bmN0aW9uICgpIHsKICAgICAgICAgICAgaWYgKCFkb2N1bWVudC5nZXRFbGVtZW50QnlJZCgnYXAtanMnKSkgewogICAgICAgICAgICAgICAgdmFyIHZlciA9IG5ldyBEYXRlKCkudG9JU09TdHJpbmcoKS5zcGxpdCgnOicpWzBdLnJlcGxhY2UoL1xEL2csJycpOwogICAgICAgICAgICAgICAgdmFyIGFwanMgPSBkb2N1bWVudC5jcmVhdGVFbGVtZW50KCJzY3JpcHQiKTsKICAgICAgICAgICAgICAgIGFwanMudHlwZSA9ICJ0ZXh0L2phdmFzY3JpcHQiOwogICAgICAgICAgICAgICAgYXBqcy5hc3luYyA9IHRydWU7CiAgICAgICAgICAgICAgICBhcGpzLnNldEF0dHJpYnV0ZSgnaWQnLCAnYXAtanMnKTsKICAgICAgICAgICAgICAgIGFwanMuc3JjID0gImh0dHBzOi8vY2VudHJhbC5namlyYWZhLmNvbS9qcy9hcC1namFub3V0LmpzP3Y9IiArIHZlcjsKICAgICAgICAgICAgICAgIGRvY3VtZW50LmhlYWQuYXBwZW5kKGFwanMpOwogICAgICAgICAgICB9CiAgICAgICAgfSkoKTsKICAgICA8L3NjcmlwdD4KPC9kaXY+PC9kaXY+Cg==\" data-block=\"5\">\n<div class=\"code-block code-block-5\">\n<div id=\"gj_5\"><\/div>\n<\/div>\n<\/div>\n<p>Ndryshe, Prokuroria Themelore n\u00eb Prizren ka k\u00ebrkuar nga Gjykata caktimin e mas\u00ebs s\u00eb paraburgimit ndaj t\u00eb dyshuarve Arlind Syla dhe Irfan Hoti, p\u00ebr shkak t\u00eb dyshimit t\u00eb bazuar se n\u00eb bashk\u00ebkryerje kan\u00eb kryer vepr\u00ebn penale \u201cRrezikimi i trafikut publik\u201d \u2013 lidhur me rastin tragjik q\u00eb ndodhi t\u00eb shtun\u00ebn, ku humb\u00ebn jet\u00ebn tre t\u00eb rinj.<\/p>\n<p>N\u00eb k\u00ebrkes\u00eb thuhet se \u201cme dat\u00eb 16.12.2023 rreth or\u00ebs 22:30, n\u00eb autostrad\u00ebn \u2018\u2019Ibrahim Rugova\u2019\u2019 n\u00eb Prizren, sakt\u00ebsisht n\u00eb kilometrin e tremb\u00ebdhjet\u00eb t\u00eb saj nga aksi rrugor \u2018\u2019Prizren Veri\u2019\u2019 n\u00eb drejtim t\u00eb aksit rrugor \u2018\u2019Prizren Jug\u2019\u2019, me dashje dhe n\u00eb bashk\u00ebkryerje, veprojn\u00eb n\u00eb kund\u00ebrshtim me Ligjin p\u00ebr Rregullat e Trafikut Rrugor, n\u00eb at\u00eb m\u00ebnyr\u00eb q\u00eb paraprakisht, merren vesh dhe organizojn\u00eb gar\u00eb t\u00eb kund\u00ebrligjshme automobilistike.\u201d<\/p>\n<div class=\"code-block code-block-7\"><\/div>\n<p>Dy t\u00eb dyshuarit, sipas dosjes s\u00eb Prokuroris\u00eb, \u201ckan\u00eb l\u00ebvizur paralelisht me automjetet e tyre me nj\u00eb shpejt\u00ebsi jasht\u00ebzakonisht t\u00eb madhe, dhe n\u00eb nj\u00eb moment i pandehuri i dyt\u00eb me automjetin e tij i afrohet t\u00eb pandehurit t\u00eb par\u00eb, me \u00e7\u2019rast ky i fundit humb kontrollin mbi drejtimin e automjetit duke devijuar n\u00eb m\u00ebnyr\u00eb diagonale nga shiriti i majt\u00eb i rrug\u00ebs, me \u00e7\u2019rast e godet automjetin e mark\u00ebs \u2018\u2019VW Golf\u2019\u2019, i cili ishte i ndalur n\u00eb shiritin emergjent t\u00eb austostrad\u00ebs dhe p\u00ebr pasoj\u00eb godet p\u00ebr vdekje k\u00ebmb\u00ebsor\u00ebt \u2013 viktimat N.B., M.D., dhe L.S.\u201d<\/p>\n<p>\u201cViktimat ishin duke e ndjekur zhvillimin e gar\u00ebs dhe n\u00eb t\u00eb nj\u00ebjt\u00ebn koh\u00eb u shkakton l\u00ebndime trupore t\u00eb d\u00ebmtuarve M.Z., S.Z., dhe B.P., t\u00eb cil\u00ebt gjithashtu ishin n\u00eb vendin kritik duke e ndjekur zhvillimin e gar\u00ebs automobilisitke n\u00eb mes t\u00eb t\u00eb pandehurve. Me \u00e7\u2019rast viktimat N.B., M.D., dhe L.S., si pasoj\u00eb e l\u00ebndimeve t\u00eb shkaktuara nga aksidenti d\u00ebrgohen pa shenja jete pran\u00eb Spitalit Rajonal t\u00eb Prizrenit\u201d, thuhet tutje n\u00eb njoftimin e prokuroris\u00eb.<\/p>\n<div class=\"code-block code-block-6\"><\/div>\n<p><iframe loading=\"lazy\" class=\"entered lazyloaded\" src=\"https:\/\/www.facebook.com\/plugins\/video.php?href=https%3A%2F%2Fwww.facebook.com%2Flajmi.net%2Fvideos%2F939410944268524%2F%3Fref%3Dembed_video&amp;show_text=0&amp;width=269\" width=\"269\" height=\"476\" frameborder=\"0\" scrolling=\"no\" allowfullscreen=\"allowfullscreen\" data-rocket-lazyload=\"fitvidscompatible\" data-lazy-src=\"https:\/\/www.facebook.com\/plugins\/video.php?href=https%3A%2F%2Fwww.facebook.com%2Flajmi.net%2Fvideos%2F939410944268524%2F%3Fref%3Dembed_video&amp;show_text=0&amp;width=269\" data-ll-status=\"loaded\" data-mce-fragment=\"1\" data-origwidth=\"269\" data-origheight=\"476\"><\/iframe><\/p>\n","protected":false},"excerpt":{"rendered":"<p>Qamil Hoti, v\u00ebllai i Irfan Hotit, nj\u00ebrit prej t\u00eb akuzuarve p\u00ebr \u201cRrezikim t\u00eb trafikut publik\u201d,&#8230;<\/p>\n","protected":false},"author":1,"featured_media":0,"comment_status":"open","ping_status":"open","sticky":false,"template":"","format":"standard","meta":{"om_disable_all_campaigns":false,"_monsterinsights_skip_tracking":false,"_monsterinsights_sitenote_active":false,"_monsterinsights_sitenote_note":"","_monsterinsights_sitenote_category":0,"_uf_show_specific_survey":0,"_uf_disable_surveys":false,"footnotes":""},"categories":[1],"tags":[],"class_list":["post-6423","post","type-post","status-publish","format-standard","hentry","category-uncategorized"],"aioseo_notices":[],"views":39,"_links":{"self":[{"href":"https:\/\/used82.com\/index.php?rest_route=\/wp\/v2\/posts\/6423","targetHints":{"allow":["GET"]}}],"collection":[{"href":"https:\/\/used82.com\/index.php?rest_route=\/wp\/v2\/posts"}],"about":[{"href":"https:\/\/used82.com\/index.php?rest_route=\/wp\/v2\/types\/post"}],"author":[{"embeddable":true,"href":"https:\/\/used82.com\/index.php?rest_route=\/wp\/v2\/users\/1"}],"replies":[{"embeddable":true,"href":"https:\/\/used82.com\/index.php?rest_route=%2Fwp%2Fv2%2Fcomments&post=6423"}],"version-history":[{"count":0,"href":"https:\/\/used82.com\/index.php?rest_route=\/wp\/v2\/posts\/6423\/revisions"}],"wp:attachment":[{"href":"https:\/\/used82.com\/index.php?rest_route=%2Fwp%2Fv2%2Fmedia&parent=6423"}],"wp:term":[{"taxonomy":"category","embeddable":true,"href":"https:\/\/used82.com\/index.php?rest_route=%2Fwp%2Fv2%2Fcategories&post=6423"},{"taxonomy":"post_tag","embeddable":true,"href":"https:\/\/used82.com\/index.php?rest_route=%2Fwp%2Fv2%2Ftags&post=6423"}],"curies":[{"name":"wp","href":"https:\/\/api.w.org\/{rel}","templated":true}]}}