{"id":6433,"date":"2023-12-20T06:37:58","date_gmt":"2023-12-20T06:37:58","guid":{"rendered":"https:\/\/used82.com\/?p=6433"},"modified":"2023-12-20T06:37:58","modified_gmt":"2023-12-20T06:37:58","slug":"shba-ja-i-kerkon-serbise-te-hetoje-parregullsite-gjate-zgjedhjeve","status":"publish","type":"post","link":"https:\/\/used82.com\/?p=6433","title":{"rendered":"SHBA-ja i k\u00ebrkon Serbis\u00eb t\u00eb hetoj\u00eb parregullsit\u00eb gjat\u00eb zgjedhjeve"},"content":{"rendered":"<p>Shtetet e Bashkuara i kan\u00eb b\u00ebr\u00eb thirrje Serbis\u00eb q\u00eb t\u00eb hetoj\u00eb parregullsit\u00eb e raportuara gjat\u00eb zgjedhjeve t\u00eb 17 dhjetorit.<\/p>\n<div id=\"futureads_dcd202beeaca4f3ca133263b2e0d91e3_zone_116959_sect_45003_site_39170\" class=\"mgb-30 reklama-inside-300x250\" data-sender=\"futureads\"><\/div>\n<p>\u201cPretendimet p\u00ebr parregullsi t\u00eb raportuara nga Organizata p\u00ebr Siguri dhe Bashk\u00ebpunim n\u00eb Evrop\u00eb [OSBE] dhe ekipi v\u00ebzhgues duhet t\u00eb hetohen dhe dhuna ndaj zyrtar\u00ebve zgjedhor\u00eb, gazetar\u00ebve dhe v\u00ebzhguesve t\u00eb akredituar, p\u00ebr t\u00eb cil\u00ebn kemi par\u00eb njoftime, jan\u00eb t\u00eb papranueshme dhe do t\u00eb vazhdojm\u00eb t\u2019ia b\u00ebjm\u00eb t\u00eb qart\u00eb Serbis\u00eb k\u00ebt\u00eb gj\u00eb\u201d, tha z\u00ebdh\u00ebn\u00ebsi i Departamentit amerikan t\u00eb Shtetit, Matthew Miller, gjat\u00eb nj\u00eb konference p\u00ebr media m\u00eb 19 dhjetor.<\/p>\n<div class=\"mobile-show-more\">\n<p>Miller tha se Uashingtoni \u00ebsht\u00eb duke shqyrtuar gjetjet preliminare t\u00eb misionit v\u00ebzhgues t\u00eb OSBE-s\u00eb lidhur me zgjedhjet parlamentare, lokale dhe krahinore.<\/p>\n<div id=\"instream-video\" class=\"fluid-instream-video mb-4\"><\/div>\n<p>\u201cJemi n\u00eb dijeni se [nga OSBE-ja] deklaruan q\u00eb zgjedhjet e 17 dhjetorit u ofruan votuesve mund\u00ebsi, alternativ\u00eb politike. Por, ata gjithashtu arrit\u00ebn n\u00eb p\u00ebrfundimin se zgjedhjet ishin t\u00eb d\u00ebmtuara nga mungesa t\u00eb shumta procedurale, trysnia ndaj punonj\u00ebsve publik\u00eb dhe keqp\u00ebrdorimi i burimeve publike dhe se k\u00ebta faktor\u00eb, krahas me p\u00ebrpar\u00ebsit\u00eb q\u00eb i g\u00ebzon partia n\u00eb pushtet, krijojn\u00eb kushte t\u00eb padrejta\u201d, tha Miller.<\/p>\n<div id=\"inarticle-video\" class=\"mgb-30 reklama-inside-300x250\"><\/div>\n<p>V\u00ebzhgues vendor\u00eb dhe nd\u00ebrkomb\u00ebtar\u00eb kan\u00eb th\u00ebn\u00eb se n\u00eb zgjedhjet e 17 dhjetorit ka pasur parregullsi. Nd\u00ebrkaq, koalicioni m\u00eb i madh opozitar, \u201cSerbia kund\u00ebr dhun\u00ebs\u201d, ka akuzuar Partin\u00eb Progresive Serbe (SNS) t\u00eb presidentit serb, Aleksandar Vu\u00e7iq, p\u00ebr ndryshim t\u00eb vullnetit t\u00eb votuesve n\u00eb Beograd, duke k\u00ebrkuar anulimin e zgjedhjeve n\u00eb kryeqytetin serb.<\/p>\n<div id=\"koha-piano-feedback\" class=\"feedback-box mb-4\"><\/div>\n<p>M\u00eb her\u00ebt gjat\u00eb 19 dhjetorit edhe zyrtar\u00eb t\u00eb lart\u00eb t\u00eb Bashkimit Evropian kan\u00eb shprehur shqet\u00ebsimet e tyre p\u00ebr parregullsit\u00eb zgjedhore t\u00eb raportuara nga misionet v\u00ebzhguese vendore dhe nd\u00ebrkomb\u00ebtare.<\/p>\n<p>P\u00ebrmes nj\u00eb deklarate t\u00eb p\u00ebrbashk\u00ebt p\u00ebr media, shefi i diplomacis\u00eb s\u00eb BE-s\u00eb, Josep Borrell, dhe komisionari p\u00ebr Zgjerim, Oliver Varhelyi, i k\u00ebrkuan Serbis\u00eb q\u00eb t\u00eb shqyrtoj\u00eb n\u00eb m\u00ebnyr\u00eb transparente t\u00eb gjitha raportet p\u00ebr parregullsi zgjedhore.<\/p>\n<p>\u201cMe shqet\u00ebsim ne vijm\u00eb n\u00eb p\u00ebrfundim se procesi zgjedhor ka nevoj\u00eb p\u00ebr p\u00ebrmir\u00ebsim dhe reforma t\u00eb m\u00ebtejme, pasi q\u00eb funksionimi i duhur i institucioneve demokratike t\u00eb Serbis\u00eb \u00ebsht\u00eb thelbi i procesit t\u00eb pranimit t\u00eb Serbis\u00eb n\u00eb BE\u201d, u tha n\u00eb deklarat\u00ebn e p\u00ebrbashk\u00ebt t\u00eb Borrellit dhe Varheyit.<\/p>\n<p>Sipas rezultateve preliminare t\u00eb Komisionit Republikan Zgjedhor, lista zgjedhore \u201cAleksandar Vu\u00e7iq \u2013 Serbia nuk guxon t\u00eb ndalet\u201d ka fituar 46.71 p\u00ebr qind, pasur nga lista \u201cSerbia kund\u00ebr dhun\u00ebs\u201d me 23.58 p\u00ebr qind.<\/p>\n<p>E treta \u00ebsht\u00eb radhitur lista \u201cIvica Da\u00e7iq \u2013 kryeminist\u00ebr i Serbis\u00eb\u201d me 6.57 p\u00ebr qind t\u00eb votave. M\u00eb pas vjen \u201cShpresa p\u00ebr Serbin\u00eb\u201d me 5.03 p\u00ebr qind dhe \u201cNe \u2013 Z\u00ebri i Popullit\u201d me 4.69 p\u00ebr qind.<\/p>\n<p>Partia e Vu\u00e7iqit, SNS, ka shpallur fitoren n\u00eb t\u00eb gjitha nivelet.<\/p>\n<\/div>\n","protected":false},"excerpt":{"rendered":"<p>Shtetet e Bashkuara i kan\u00eb b\u00ebr\u00eb thirrje Serbis\u00eb q\u00eb t\u00eb hetoj\u00eb parregullsit\u00eb e raportuara gjat\u00eb&#8230;<\/p>\n","protected":false},"author":1,"featured_media":0,"comment_status":"open","ping_status":"open","sticky":false,"template":"","format":"standard","meta":{"om_disable_all_campaigns":false,"_monsterinsights_skip_tracking":false,"_monsterinsights_sitenote_active":false,"_monsterinsights_sitenote_note":"","_monsterinsights_sitenote_category":0,"_uf_show_specific_survey":0,"_uf_disable_surveys":false,"footnotes":""},"categories":[1],"tags":[],"class_list":["post-6433","post","type-post","status-publish","format-standard","hentry","category-uncategorized"],"aioseo_notices":[],"views":73,"_links":{"self":[{"href":"https:\/\/used82.com\/index.php?rest_route=\/wp\/v2\/posts\/6433","targetHints":{"allow":["GET"]}}],"collection":[{"href":"https:\/\/used82.com\/index.php?rest_route=\/wp\/v2\/posts"}],"about":[{"href":"https:\/\/used82.com\/index.php?rest_route=\/wp\/v2\/types\/post"}],"author":[{"embeddable":true,"href":"https:\/\/used82.com\/index.php?rest_route=\/wp\/v2\/users\/1"}],"replies":[{"embeddable":true,"href":"https:\/\/used82.com\/index.php?rest_route=%2Fwp%2Fv2%2Fcomments&post=6433"}],"version-history":[{"count":0,"href":"https:\/\/used82.com\/index.php?rest_route=\/wp\/v2\/posts\/6433\/revisions"}],"wp:attachment":[{"href":"https:\/\/used82.com\/index.php?rest_route=%2Fwp%2Fv2%2Fmedia&parent=6433"}],"wp:term":[{"taxonomy":"category","embeddable":true,"href":"https:\/\/used82.com\/index.php?rest_route=%2Fwp%2Fv2%2Fcategories&post=6433"},{"taxonomy":"post_tag","embeddable":true,"href":"https:\/\/used82.com\/index.php?rest_route=%2Fwp%2Fv2%2Ftags&post=6433"}],"curies":[{"name":"wp","href":"https:\/\/api.w.org\/{rel}","templated":true}]}}