{"id":6435,"date":"2023-12-20T09:50:00","date_gmt":"2023-12-20T09:50:00","guid":{"rendered":"https:\/\/used82.com\/?p=6435"},"modified":"2023-12-20T09:50:00","modified_gmt":"2023-12-20T09:50:00","slug":"arrestohet-i-dyshuari-per-aksidentin-ne-podujeve-ku-humbi-jeten-nje-person","status":"publish","type":"post","link":"https:\/\/used82.com\/?p=6435","title":{"rendered":"Arrestohet i dyshuari p\u00ebr aksidentin n\u00eb Podujev\u00eb ku humbi jet\u00ebn nj\u00eb person"},"content":{"rendered":"<p>Policia e Kosov\u00ebs ka njoftuar se ka arrestuar nj\u00eb t\u00eb dyshuar p\u00ebr aksidentin me fatalitet q\u00eb ndodhi t\u00eb mart\u00ebn n\u00eb fshatin Llapashtic\u00eb t\u00eb Podujev\u00ebs.<\/p>\n<div id=\"futureads_dcd202beeaca4f3ca133263b2e0d91e3_zone_116959_sect_45003_site_39170\" class=\"mgb-30 reklama-inside-300x250\" data-sender=\"futureads\"><\/div>\n<p>N\u00eb k\u00ebt\u00eb aksident ka humbur jet\u00ebn nj\u00eb person dhe nj\u00eb tjet\u00ebr ka p\u00ebsuar l\u00ebndime t\u00eb r\u00ebnda dhe \u00ebsht\u00eb duke u trajtuar n\u00eb Qendr\u00ebn Klinike, Universitare t\u00eb Kosov\u00ebs (QKUK).<\/p>\n<div class=\"mobile-show-more\">\n<p>\u201cFsh. Llapashtic\u00eb- Podujev\u00eb 19.12.2023 \u2013 20:00. Raportohet p\u00ebr nj\u00eb aksident trafiku n\u00eb mes dy automjeteve me ngas\u00eb meshkuj kosovar\u00eb. P\u00ebrve\u00e7 d\u00ebmeve materiale, l\u00ebndim vdekje-prur\u00ebs ka p\u00ebsuar viktima mashkull kosovar (nj\u00ebri nga drejtuesit), nd\u00ebrsa l\u00ebndime trupore t\u00eb r\u00ebnda ka pasur nj\u00eb pasagjer mashkull kosovar i cili \u00ebsht\u00eb d\u00ebrguar n\u00eb QKUK. Me vendim t\u00eb prokurorit trupi i pajet\u00eb i viktim\u00ebs \u00ebsht\u00eb d\u00ebrguar n\u00eb Institutin e Mjek\u00ebsis\u00eb Ligjore p\u00ebr obduksion nd\u00ebrsa ngas\u00ebsi tjet\u00ebr i dyshuari \u00ebsht\u00eb arrestuar dhe d\u00ebrguar n\u00eb mbajtje\u201d, thuhet n\u00eb raportin e Policis\u00eb.<\/p>\n<\/div>\n","protected":false},"excerpt":{"rendered":"<p>Policia e Kosov\u00ebs ka njoftuar se ka arrestuar nj\u00eb t\u00eb dyshuar p\u00ebr aksidentin me fatalitet&#8230;<\/p>\n","protected":false},"author":1,"featured_media":0,"comment_status":"open","ping_status":"open","sticky":false,"template":"","format":"standard","meta":{"om_disable_all_campaigns":false,"_monsterinsights_skip_tracking":false,"_monsterinsights_sitenote_active":false,"_monsterinsights_sitenote_note":"","_monsterinsights_sitenote_category":0,"_uf_show_specific_survey":0,"_uf_disable_surveys":false,"footnotes":""},"categories":[1],"tags":[],"class_list":["post-6435","post","type-post","status-publish","format-standard","hentry","category-uncategorized"],"aioseo_notices":[],"views":25,"_links":{"self":[{"href":"https:\/\/used82.com\/index.php?rest_route=\/wp\/v2\/posts\/6435","targetHints":{"allow":["GET"]}}],"collection":[{"href":"https:\/\/used82.com\/index.php?rest_route=\/wp\/v2\/posts"}],"about":[{"href":"https:\/\/used82.com\/index.php?rest_route=\/wp\/v2\/types\/post"}],"author":[{"embeddable":true,"href":"https:\/\/used82.com\/index.php?rest_route=\/wp\/v2\/users\/1"}],"replies":[{"embeddable":true,"href":"https:\/\/used82.com\/index.php?rest_route=%2Fwp%2Fv2%2Fcomments&post=6435"}],"version-history":[{"count":0,"href":"https:\/\/used82.com\/index.php?rest_route=\/wp\/v2\/posts\/6435\/revisions"}],"wp:attachment":[{"href":"https:\/\/used82.com\/index.php?rest_route=%2Fwp%2Fv2%2Fmedia&parent=6435"}],"wp:term":[{"taxonomy":"category","embeddable":true,"href":"https:\/\/used82.com\/index.php?rest_route=%2Fwp%2Fv2%2Fcategories&post=6435"},{"taxonomy":"post_tag","embeddable":true,"href":"https:\/\/used82.com\/index.php?rest_route=%2Fwp%2Fv2%2Ftags&post=6435"}],"curies":[{"name":"wp","href":"https:\/\/api.w.org\/{rel}","templated":true}]}}