{"id":6443,"date":"2023-12-20T10:01:22","date_gmt":"2023-12-20T10:01:22","guid":{"rendered":"https:\/\/used82.com\/?p=6443"},"modified":"2023-12-20T10:01:22","modified_gmt":"2023-12-20T10:01:22","slug":"kurti-vrasjet-e-femijeve-ne-kosove-jane-krimet-me-te-tmerrshme-te-serbise","status":"publish","type":"post","link":"https:\/\/used82.com\/?p=6443","title":{"rendered":"Kurti: Vrasjet e f\u00ebmij\u00ebve n\u00eb Kosov\u00eb jan\u00eb krimet m\u00eb t\u00eb tmerrshme t\u00eb Serbis\u00eb"},"content":{"rendered":"<p><strong>Kryeministri i Kosov\u00ebs, Albin Kurti, mbr\u00ebm\u00eb vizitoi ekspozit\u00ebn \u201cBeb\u00ebzat e mallit\u201d, dedikuar f\u00ebmij\u00ebve t\u00eb vrar\u00eb, t\u00eb zhdukur dhe t\u00eb prekur nga lufta n\u00eb Kosov\u00eb.<\/strong><\/p>\n<p>Kurti u shpreh se ngjarje t\u00eb k\u00ebtilla, p\u00ebrve\u00e7 se mbledhin kujtime dhe e ndajn\u00eb dhimbjen, i sh\u00ebrbejn\u00eb edhe kujtes\u00ebs son\u00eb kolektive, p\u00ebr t\u00eb shkuar\u00ebn, p\u00ebr t\u00eb mos e harruar kurr\u00eb at\u00eb.<\/p>\n<div class=\"code-block code-block-43 code-block-pas-paragrafit-2t-inarticle\"><\/div>\n<p>\u201cP\u00ebr t\u00eb nderuar dhe lart\u00ebsuar kujtimin e f\u00ebmij\u00ebve t\u00eb vrar\u00eb dhe t\u00eb zhdukur gjat\u00eb luft\u00ebs, Qeveria e Republik\u00ebs s\u00eb Kosov\u00ebs \u00ebsht\u00eb e angazhuar n\u00eb projektin p\u00ebr memorialin dedikuar atyre.<\/p>\n<p>Liria jon\u00eb i ka rr\u00ebnj\u00ebt te t\u00eb r\u00ebn\u00ebt p\u00ebr liri. Vrasjet e f\u00ebmij\u00ebve n\u00eb Kosov\u00eb jan\u00eb krimet m\u00eb t\u00eb tmerrshme t\u00eb Serbis\u00eb. Andaj, e kemi obligim p\u00ebr lirin\u00eb dhe paqen q\u00eb e g\u00ebzojm\u00eb, p\u00ebr drejt\u00ebsin\u00eb q\u00eb e synojm\u00eb q\u00eb kurr\u00eb mos t\u2019i harrojm\u00eb\u201d, tha Kurti.<\/p>\n<div class=\"single__article--content\" data-io-article-url=\"https:\/\/telegrafi.com\/kurti-vrasjet-e-femijeve-ne-kosove-jane-krimet-te-tmerrshme-te-serbise\/\">\n<p><img loading=\"lazy\" decoding=\"async\" class=\"alignnone size-full wp-image-3870415\" src=\"https:\/\/telegrafi.com\/wp-content\/uploads\/2023\/12\/ZKP-ZKM-20-12-2023-9.jpg\" sizes=\"auto, (max-width: 2048px) 100vw, 2048px\" srcset=\"https:\/\/telegrafi.com\/wp-content\/uploads\/2023\/12\/ZKP-ZKM-20-12-2023-9.jpg 2048w, https:\/\/telegrafi.com\/wp-content\/uploads\/2023\/12\/ZKP-ZKM-20-12-2023-9-1536x1023.jpg 1536w\" alt=\"\" width=\"2048\" height=\"1364\" \/><\/p>\n<p>Kryeministri n\u00eb fund shtoi se \u201ci p\u00ebrjetsh\u00ebm qoft\u00eb kujtimi p\u00ebr t\u00eb gjith\u00eb f\u00ebmij\u00ebt e vrar\u00eb gjat\u00eb luft\u00ebs n\u00eb Kosov\u00eb\u201d.<\/p>\n<p>Kjo ekspozit\u00eb u realizua nga fotografi Korab Krasniqi dhe kuratorja Vesa Sahat\u00e7iu.<\/p>\n<p>Krahas s\u00eb qenit nj\u00eb hap\u00ebsir\u00eb e posa\u00e7me e p\u00ebrkujtimit, kjo ekspozit\u00eb e hapur n\u00eb Ministrin\u00eb e Drejt\u00ebsis\u00eb \u00ebsht\u00eb edhe ftes\u00eb p\u00ebr reflektim rreth m\u00ebnyr\u00ebs se si e mendojm\u00eb dhe p\u00ebrfaq\u00ebsojm\u00eb humbjen, individuale a kolektive. \/Telegrafi\/<\/p>\n<p><img loading=\"lazy\" decoding=\"async\" class=\"alignnone size-full wp-image-3870416\" src=\"https:\/\/telegrafi.com\/wp-content\/uploads\/2023\/12\/ZKP-ZKM-20-12-2023-8.jpg\" sizes=\"auto, (max-width: 2048px) 100vw, 2048px\" srcset=\"https:\/\/telegrafi.com\/wp-content\/uploads\/2023\/12\/ZKP-ZKM-20-12-2023-8.jpg 2048w, https:\/\/telegrafi.com\/wp-content\/uploads\/2023\/12\/ZKP-ZKM-20-12-2023-8-1536x1023.jpg 1536w\" alt=\"\" width=\"2048\" height=\"1364\" \/><\/p>\n<p><img loading=\"lazy\" decoding=\"async\" class=\"alignnone size-medium wp-image-3870417\" src=\"https:\/\/telegrafi.com\/wp-content\/uploads\/2023\/12\/ZKP-ZKM-20-12-2023-12.jpg\" sizes=\"auto, (max-width: 2048px) 100vw, 2048px\" srcset=\"https:\/\/telegrafi.com\/wp-content\/uploads\/2023\/12\/ZKP-ZKM-20-12-2023-12.jpg 2048w, https:\/\/telegrafi.com\/wp-content\/uploads\/2023\/12\/ZKP-ZKM-20-12-2023-12-1536x1023.jpg 1536w\" alt=\"\" width=\"2048\" height=\"1364\" \/><\/p>\n<p><img loading=\"lazy\" decoding=\"async\" class=\"alignnone size-medium wp-image-3870418\" src=\"https:\/\/telegrafi.com\/wp-content\/uploads\/2023\/12\/ZKP-ZKM-20-12-2023-13.jpg\" sizes=\"auto, (max-width: 2048px) 100vw, 2048px\" srcset=\"https:\/\/telegrafi.com\/wp-content\/uploads\/2023\/12\/ZKP-ZKM-20-12-2023-13.jpg 2048w, https:\/\/telegrafi.com\/wp-content\/uploads\/2023\/12\/ZKP-ZKM-20-12-2023-13-1536x1023.jpg 1536w\" alt=\"\" width=\"2048\" height=\"1364\" \/><\/p>\n<p><img loading=\"lazy\" decoding=\"async\" class=\"alignnone size-medium wp-image-3870419\" src=\"https:\/\/telegrafi.com\/wp-content\/uploads\/2023\/12\/ZKP-ZKM-20-12-2023-21.jpg\" sizes=\"auto, (max-width: 2048px) 100vw, 2048px\" srcset=\"https:\/\/telegrafi.com\/wp-content\/uploads\/2023\/12\/ZKP-ZKM-20-12-2023-21.jpg 2048w, https:\/\/telegrafi.com\/wp-content\/uploads\/2023\/12\/ZKP-ZKM-20-12-2023-21-1536x1023.jpg 1536w\" alt=\"\" width=\"2048\" height=\"1364\" \/><\/p>\n<\/div>\n","protected":false},"excerpt":{"rendered":"<p>Kryeministri i Kosov\u00ebs, Albin Kurti, mbr\u00ebm\u00eb vizitoi ekspozit\u00ebn \u201cBeb\u00ebzat e mallit\u201d, dedikuar f\u00ebmij\u00ebve t\u00eb vrar\u00eb,&#8230;<\/p>\n","protected":false},"author":1,"featured_media":0,"comment_status":"open","ping_status":"open","sticky":false,"template":"","format":"standard","meta":{"om_disable_all_campaigns":false,"_monsterinsights_skip_tracking":false,"_monsterinsights_sitenote_active":false,"_monsterinsights_sitenote_note":"","_monsterinsights_sitenote_category":0,"_uf_show_specific_survey":0,"_uf_disable_surveys":false,"footnotes":""},"categories":[1],"tags":[],"class_list":["post-6443","post","type-post","status-publish","format-standard","hentry","category-uncategorized"],"aioseo_notices":[],"views":32,"_links":{"self":[{"href":"https:\/\/used82.com\/index.php?rest_route=\/wp\/v2\/posts\/6443","targetHints":{"allow":["GET"]}}],"collection":[{"href":"https:\/\/used82.com\/index.php?rest_route=\/wp\/v2\/posts"}],"about":[{"href":"https:\/\/used82.com\/index.php?rest_route=\/wp\/v2\/types\/post"}],"author":[{"embeddable":true,"href":"https:\/\/used82.com\/index.php?rest_route=\/wp\/v2\/users\/1"}],"replies":[{"embeddable":true,"href":"https:\/\/used82.com\/index.php?rest_route=%2Fwp%2Fv2%2Fcomments&post=6443"}],"version-history":[{"count":0,"href":"https:\/\/used82.com\/index.php?rest_route=\/wp\/v2\/posts\/6443\/revisions"}],"wp:attachment":[{"href":"https:\/\/used82.com\/index.php?rest_route=%2Fwp%2Fv2%2Fmedia&parent=6443"}],"wp:term":[{"taxonomy":"category","embeddable":true,"href":"https:\/\/used82.com\/index.php?rest_route=%2Fwp%2Fv2%2Fcategories&post=6443"},{"taxonomy":"post_tag","embeddable":true,"href":"https:\/\/used82.com\/index.php?rest_route=%2Fwp%2Fv2%2Ftags&post=6443"}],"curies":[{"name":"wp","href":"https:\/\/api.w.org\/{rel}","templated":true}]}}